{"id":971,"date":"2012-07-22T08:24:30","date_gmt":"2012-07-22T12:24:30","guid":{"rendered":"http:\/\/pierrejean.com\/?p=971"},"modified":"2020-03-14T09:20:00","modified_gmt":"2020-03-14T13:20:00","slug":"la-taille-et-la-gamelle","status":"publish","type":"post","link":"https:\/\/pierrejean.com\/atable\/la-taille-et-la-gamelle\/","title":{"rendered":"La taille et la gamelle"},"content":{"rendered":"<p>Popote \u00e0 la roulotte, c&#8217;est bien joli, mais l\u00e0 je ne sais pas quoi faire. \u00c7a d\u00e9borde, J&#8217;ai beau essayer dans tous les sens il n&#8217;y a rien \u00e0 faire, \u00e7a ne tient pas. Je ne suis pas s\u00fbr que ce soit de la faute \u00e0 la roulotte&#8230; Quoique j&#8217;ai vu une belle Airstream d&#8217;au moins 120 pieds, rutilante des pieds \u00e0 la t\u00eate ou plut\u00f4t des roues \u00e0 la climatisation, qui passait par l\u00e0 et, franchement, elle avait de la gueule. Il para\u00eet que les Japonais en sont friands! Moi je crois que c&#8217;est parce qu&#8217;ils r\u00eavent d&#8217;\u00eatre Jonas dans un poisson-lune et comme le poisson, c&#8217;est leur raison de vivre, \u00e7a doit les faire r\u00eaver. En tout cas moi la belle grande roulotte toute neuve je suis preneur. Mais non, je l&#8217;aime ma vieille petite roulotte de 79. Vous vous rendez compte, elle \u00e0 l&#8217;\u00e2ge du Christ. Enfin si elle devait \u00eatre crucifi\u00e9e, elle aurait le bon \u00e2ge. C&#8217;est pour \u00e7a je ne vais certainement pas la jeter en p\u00e2ture \u00e0 un japonnais de passage. Il a d\u00e9j\u00e0 le poney, avec la roulotte, il se fait expulser Illico. Oui il s&#8217;appelle Illico Nagazaki.<\/p>\n<p>D&#8217;ailleurs, c&#8217;est une grande question existentielle: si je construis un chalet, qu&#8217;est-ce que je fais de ma roulotte bien aim\u00e9e? Je lui construis une cloche en verre, il va falloir que je souffle fort! Je la revends? J&#8217;entends d\u00e9j\u00e0 La Grande dire : &#8220;take le cash&#8221; (&#8220;prends l&#8217;oseille&#8221; en patois groenlandais). Elle va me dire : &#8220;tu t&#8217;attaches \u00e0 des choses mat\u00e9rielles sans importance&#8230;&#8221;. Pas du tout, c&#8217;est l&#8217;immat\u00e9riel dont il est question! La grande aventure. L&#8217;autonomie estivale. La p\u00eache \u00e0 port\u00e9e de main, de pieds et de canne. Les d\u00e9parts au petit matin. Mes cinq(uante) ans. La construction de la terrasse. Des poissons en veux-tu en voil\u00e0!<\/p>\n<p>Ah oui, c&#8217;\u00e9tait \u00e7a l&#8217;histoire. Donc 53cm dans 30, c&#8217;est s\u00fbr que je n&#8217;y arriverai pas. Je suis trop bon p\u00eacheur ou trop mauvais cuisinier. Il va falloir que je me mette \u00e0 la p\u00eache au \u00a0caplan, \u00e0 la sardine, me remette \u00e0 l&#8217;\u00e9pinoche de ma jeunesse, voire \u00e0 la moule, l&#8217;hu\u00eetre, le bulot ou pire l&#8217;ascidie.<\/p>\n<p>Dites-le-moi vous qui \u00eates si malin, qu&#8217;est-ce que je fais de \u00e7a?<\/p>\n<figure id=\"attachment_972\" aria-describedby=\"caption-attachment-972\" style=\"width: 600px\" class=\"wp-caption aligncenter\"><a href=\"http:\/\/pierrejean.com\/atable\/la-taille-et-la-gamelle\/img_1644\/\" rel=\"attachment wp-att-972\"><img loading=\"lazy\" decoding=\"async\" data-attachment-id=\"972\" data-permalink=\"https:\/\/pierrejean.com\/atable\/la-taille-et-la-gamelle\/img_1644\/\" data-orig-file=\"https:\/\/pierrejean.com\/atable\/wp-content\/uploads\/2012\/07\/IMG_1644.jpg\" data-orig-size=\"1024,768\" data-comments-opened=\"1\" data-image-meta=\"{&quot;aperture&quot;:&quot;0&quot;,&quot;credit&quot;:&quot;&quot;,&quot;camera&quot;:&quot;&quot;,&quot;caption&quot;:&quot;&quot;,&quot;created_timestamp&quot;:&quot;0&quot;,&quot;copyright&quot;:&quot;&quot;,&quot;focal_length&quot;:&quot;0&quot;,&quot;iso&quot;:&quot;0&quot;,&quot;shutter_speed&quot;:&quot;0&quot;,&quot;title&quot;:&quot;&quot;}\" data-image-title=\"Truite de la Ste-Marguerite 53cm\" data-image-description=\"\" data-image-caption=\"&lt;p&gt;Truite de la Ste-Marguerite 53cm&lt;\/p&gt;\n\" data-large-file=\"https:\/\/pierrejean.com\/atable\/wp-content\/uploads\/2012\/07\/IMG_1644-600x450.jpg\" class=\"size-large wp-image-972\" title=\"Truite de la Ste-Marguerite 53cm\" src=\"http:\/\/pierrejean.com\/atable\/wp-content\/uploads\/2012\/07\/IMG_1644-600x450.jpg\" alt=\"Truite de la Ste-Marguerite 53cm\" width=\"600\" height=\"450\" srcset=\"https:\/\/pierrejean.com\/atable\/wp-content\/uploads\/2012\/07\/IMG_1644-600x450.jpg 600w, https:\/\/pierrejean.com\/atable\/wp-content\/uploads\/2012\/07\/IMG_1644-350x262.jpg 350w, https:\/\/pierrejean.com\/atable\/wp-content\/uploads\/2012\/07\/IMG_1644.jpg 1024w\" sizes=\"auto, (max-width: 600px) 100vw, 600px\" \/><\/a><figcaption id=\"caption-attachment-972\" class=\"wp-caption-text\">Truite de la Ste-Marguerite 53cm<\/figcaption><\/figure>\n<p>&nbsp;<\/p>\n<p>M\u00eame le filet ne tient pas dans la po\u00eale.<\/p>\n<figure id=\"attachment_973\" aria-describedby=\"caption-attachment-973\" style=\"width: 600px\" class=\"wp-caption aligncenter\"><a href=\"http:\/\/pierrejean.com\/atable\/la-taille-et-la-gamelle\/img_1646\/\" rel=\"attachment wp-att-973\"><img loading=\"lazy\" decoding=\"async\" data-attachment-id=\"973\" data-permalink=\"https:\/\/pierrejean.com\/atable\/la-taille-et-la-gamelle\/img_1646\/\" data-orig-file=\"https:\/\/pierrejean.com\/atable\/wp-content\/uploads\/2012\/07\/IMG_1646.jpg\" data-orig-size=\"1024,768\" data-comments-opened=\"1\" data-image-meta=\"{&quot;aperture&quot;:&quot;0&quot;,&quot;credit&quot;:&quot;&quot;,&quot;camera&quot;:&quot;&quot;,&quot;caption&quot;:&quot;&quot;,&quot;created_timestamp&quot;:&quot;0&quot;,&quot;copyright&quot;:&quot;&quot;,&quot;focal_length&quot;:&quot;0&quot;,&quot;iso&quot;:&quot;0&quot;,&quot;shutter_speed&quot;:&quot;0&quot;,&quot;title&quot;:&quot;&quot;}\" data-image-title=\"filet de Truite de la Ste-Marguerite 53cm\" data-image-description=\"\" data-image-caption=\"&lt;p&gt;filet de Truite de la Ste-Marguerite 53cm&lt;\/p&gt;\n\" data-large-file=\"https:\/\/pierrejean.com\/atable\/wp-content\/uploads\/2012\/07\/IMG_1646-600x450.jpg\" class=\"size-large wp-image-973\" title=\"filet de Truite de la Ste-Marguerite 53cm\" src=\"http:\/\/pierrejean.com\/atable\/wp-content\/uploads\/2012\/07\/IMG_1646-600x450.jpg\" alt=\"filet de Truite de la Ste-Marguerite 53cm\" width=\"600\" height=\"450\" srcset=\"https:\/\/pierrejean.com\/atable\/wp-content\/uploads\/2012\/07\/IMG_1646-600x450.jpg 600w, https:\/\/pierrejean.com\/atable\/wp-content\/uploads\/2012\/07\/IMG_1646-350x262.jpg 350w, https:\/\/pierrejean.com\/atable\/wp-content\/uploads\/2012\/07\/IMG_1646.jpg 1024w\" sizes=\"auto, (max-width: 600px) 100vw, 600px\" \/><\/a><figcaption id=\"caption-attachment-973\" class=\"wp-caption-text\">filet de Truite de la Ste-Marguerite 53cm<\/figcaption><\/figure>\n<p>&nbsp;<\/p>\n<p>Donc il ne me reste qu&#8217;une solution fumer ma belle truite en quatre morceaux parce que l\u00e0 aussi le fumoir est trop petit.<\/p>\n<figure id=\"attachment_974\" aria-describedby=\"caption-attachment-974\" style=\"width: 600px\" class=\"wp-caption aligncenter\"><a href=\"http:\/\/pierrejean.com\/atable\/la-taille-et-la-gamelle\/p9180575\/\" rel=\"attachment wp-att-974\"><img loading=\"lazy\" decoding=\"async\" data-attachment-id=\"974\" data-permalink=\"https:\/\/pierrejean.com\/atable\/la-taille-et-la-gamelle\/p9180575\/\" data-orig-file=\"https:\/\/pierrejean.com\/atable\/wp-content\/uploads\/2012\/07\/P9180575.jpg\" data-orig-size=\"1024,768\" data-comments-opened=\"1\" data-image-meta=\"{&quot;aperture&quot;:&quot;0&quot;,&quot;credit&quot;:&quot;&quot;,&quot;camera&quot;:&quot;&quot;,&quot;caption&quot;:&quot;&quot;,&quot;created_timestamp&quot;:&quot;0&quot;,&quot;copyright&quot;:&quot;&quot;,&quot;focal_length&quot;:&quot;0&quot;,&quot;iso&quot;:&quot;0&quot;,&quot;shutter_speed&quot;:&quot;0&quot;,&quot;title&quot;:&quot;&quot;}\" data-image-title=\"Truite fum\u00e9e \u00e0 l&#8217;\u00e9rable\" data-image-description=\"\" data-image-caption=\"&lt;p&gt;Truite fum\u00e9e \u00e0 l&#8217;\u00e9rable et \u00e0 la maison&lt;\/p&gt;\n\" data-large-file=\"https:\/\/pierrejean.com\/atable\/wp-content\/uploads\/2012\/07\/P9180575-600x450.jpg\" class=\"size-large wp-image-974\" title=\"Truite fum\u00e9e \u00e0 l'\u00e9rable\" src=\"http:\/\/pierrejean.com\/atable\/wp-content\/uploads\/2012\/07\/P9180575-600x450.jpg\" alt=\"Truite fum\u00e9e \u00e0 l'\u00e9rable\" width=\"600\" height=\"450\" srcset=\"https:\/\/pierrejean.com\/atable\/wp-content\/uploads\/2012\/07\/P9180575-600x450.jpg 600w, https:\/\/pierrejean.com\/atable\/wp-content\/uploads\/2012\/07\/P9180575-350x262.jpg 350w, https:\/\/pierrejean.com\/atable\/wp-content\/uploads\/2012\/07\/P9180575.jpg 1024w\" sizes=\"auto, (max-width: 600px) 100vw, 600px\" \/><\/a><figcaption id=\"caption-attachment-974\" class=\"wp-caption-text\">Truite fum\u00e9e \u00e0 l&#8217;\u00e9rable et \u00e0 la maison<\/figcaption><\/figure>\n<p>\u00c0 table!<\/p>\n","protected":false},"excerpt":{"rendered":"<p>Popote \u00e0 la roulotte, c&#8217;est bien joli, mais l\u00e0 je ne sais pas quoi faire. \u00c7a d\u00e9borde, J&#8217;ai beau essayer dans tous les sens il n&#8217;y a rien \u00e0 faire, \u00e7a ne tient pas. Je ne suis pas s\u00fbr que ce soit de la faute&nbsp;<a class=\"read-more\" href=\"https:\/\/pierrejean.com\/atable\/la-taille-et-la-gamelle\/\">&hellip;<\/a><\/p>\n","protected":false},"author":1,"featured_media":972,"comment_status":"open","ping_status":"closed","sticky":false,"template":"","format":"standard","meta":{"editor_plus_copied_stylings":"{}","_jetpack_memberships_contains_paid_content":false,"footnotes":"","jetpack_publicize_message":"","jetpack_publicize_feature_enabled":true,"jetpack_social_post_already_shared":false,"jetpack_social_options":{"image_generator_settings":{"template":"highway","default_image_id":0,"font":"","enabled":false},"version":2}},"categories":[170,12,100],"tags":[],"class_list":["post-971","post","type-post","status-publish","format-standard","has-post-thumbnail","hentry","category-editorial","category-poisson","category-roulotte"],"jetpack_publicize_connections":[],"jetpack_featured_media_url":"https:\/\/pierrejean.com\/atable\/wp-content\/uploads\/2012\/07\/IMG_1644.jpg","jetpack_sharing_enabled":true,"jetpack_shortlink":"https:\/\/wp.me\/pbxdSo-fF","_links":{"self":[{"href":"https:\/\/pierrejean.com\/atable\/wp-json\/wp\/v2\/posts\/971","targetHints":{"allow":["GET"]}}],"collection":[{"href":"https:\/\/pierrejean.com\/atable\/wp-json\/wp\/v2\/posts"}],"about":[{"href":"https:\/\/pierrejean.com\/atable\/wp-json\/wp\/v2\/types\/post"}],"author":[{"embeddable":true,"href":"https:\/\/pierrejean.com\/atable\/wp-json\/wp\/v2\/users\/1"}],"replies":[{"embeddable":true,"href":"https:\/\/pierrejean.com\/atable\/wp-json\/wp\/v2\/comments?post=971"}],"version-history":[{"count":5,"href":"https:\/\/pierrejean.com\/atable\/wp-json\/wp\/v2\/posts\/971\/revisions"}],"predecessor-version":[{"id":1750,"href":"https:\/\/pierrejean.com\/atable\/wp-json\/wp\/v2\/posts\/971\/revisions\/1750"}],"wp:featuredmedia":[{"embeddable":true,"href":"https:\/\/pierrejean.com\/atable\/wp-json\/wp\/v2\/media\/972"}],"wp:attachment":[{"href":"https:\/\/pierrejean.com\/atable\/wp-json\/wp\/v2\/media?parent=971"}],"wp:term":[{"taxonomy":"category","embeddable":true,"href":"https:\/\/pierrejean.com\/atable\/wp-json\/wp\/v2\/categories?post=971"},{"taxonomy":"post_tag","embeddable":true,"href":"https:\/\/pierrejean.com\/atable\/wp-json\/wp\/v2\/tags?post=971"}],"curies":[{"name":"wp","href":"https:\/\/api.w.org\/{rel}","templated":true}]}}