{"id":830,"date":"2012-04-17T11:36:29","date_gmt":"2012-04-17T15:36:29","guid":{"rendered":"http:\/\/pierrejean.com\/?p=830"},"modified":"2020-03-14T14:31:12","modified_gmt":"2020-03-14T18:31:12","slug":"les-gateaux-a-la-vivaldi","status":"publish","type":"post","link":"https:\/\/pierrejean.com\/atable\/les-gateaux-a-la-vivaldi\/","title":{"rendered":"Les g\u00e2teaux \u00e0 la Vivaldi"},"content":{"rendered":"<p>Je n&#8217;ai pas honte de le dire, je suis retomb\u00e9 amoureux&#8230;<\/p>\n<p>Non, non pas de la grande, \u00e7a c&#8217;est \u00e0 chaque fois que je la vois\u2009! Je peux dire tout ce que je veux, de toute fa\u00e7on, elle ne veut pas honorer, de sa pr\u00e9sence, mon babillage culinaire&#8230;<\/p>\n<p>Donc, non pas d&#8217;elle, d&#8217;un homme\u2009! Hou\u2009! Hou\u2009!<\/p>\n<p>Mais non, je ne suis pas atteint d&#8217;apostasies, ni de palinodies, encore moins devenu m\u00e9cr\u00e9ant et agnostique je l&#8217;\u00e9tais d\u00e9j\u00e0\u2009! Ne me rejetez pas dans la gentilit\u00e9, c&#8217;est devenu trop commun. Il y a nous et les autres. Les juifs et les \u00ab\u00a0goys\u00a0\u00bb. Les musulmans et les non-musulmans. Les chr\u00e9tiens et la gentilit\u00e9\u2009! \u00c7a vous la coupe, \u00e7a\u2009! Oui, il existe un mot pour dire \u00ab\u00a0qui ne sont pas chr\u00e9tiens\u00a0\u00bb. Pa\u00efens, ce n&#8217;est pas la m\u00eame chose, ce sont les \u00ab\u00a0sauvages\u00a0\u00bb polyth\u00e9istes ou m\u00eame les f\u00e9tichistes. Vous voyez, vous apprenez des choses avec moi\u2009!<\/p>\n<p>Bon donc je ne suis pas tomb\u00e9 du c\u00f4t\u00e9 obscur de la force, je n&#8217;ai pas bascul\u00e9 dans la facilit\u00e9\u2009! Oui parfaitement la facilit\u00e9\u2009! Vivre sans femme, j&#8217;appelle \u00e7a la facilit\u00e9\u2009! J&#8217;en connais, sauf une, puisqu&#8217;elle ne passe jamais par l\u00e0, qui doivent pousser les hauts cris\u2009! Pousser tous les cris que vous voulez, mesdames\u2009! J&#8217;appelle \u00e7a la facilit\u00e9\u2009!<\/p>\n<p>Donc non, d&#8217;abord il est trop vieux\u2009!<\/p>\n<p>Il faut que je vous raconte une petite histoire vraie qui m&#8217;est arriv\u00e9e r\u00e9cemment. Je suis dans le bureau de quelqu&#8217;un qui \u00e9coute de la musique. Comme ce n&#8217;est pas vraiment mon style, je dis gentiment\u00a0: \u00ab\u00a0nous n&#8217;\u00e9coutons pas vraiment le m\u00eame style de musique\u00a0\u00bb. La personne rel\u00e8ve la t\u00eate\u00a0: \u00ab\u00a0Ah bon, qu&#8217;est-ce que tu \u00e9coutes ?\u00a0\u00bb Pris de court, ne voulant pas d\u00e9nigrer\u00a0: \u00ab\u00a0moi, ce serait plut\u00f4t Mozart\u00a0\u00bb. In extenso et sans ambages\u00a0: \u00ab\u00a0ah bon, c&#8217;est quoi qu&#8217;il chante\u2009!\u00a0\u00bb<\/p>\n<p>Tr\u00eave de plaisanterie, je suis retomb\u00e9 amoureux de Vivaldi. J&#8217;aimais beaucoup San Antonio. Mais Antonio Vivaldi, je ne vous dis pas\u2009!<\/p>\n<p>L\u00e0, vous vous dites, bon on a faim, il parle de cuisine ou bien je zappe\u2009!<\/p>\n<p>J&#8217;y viens \u00e0 la cuisine\u2009! Je vous fais un peu de religion, un peu de conscience sociale, un peu d&#8217;humour, je finis avec la gastronomie et vous vous ne pensez qu&#8217;\u00e0 votre ventre. Comme dirait Mam\u00a0: \u00ab\u00a0c&#8217;est de la confiture aux cochons\u00a0\u00bb.<\/p>\n<p>Donc oui, Vivaldi, c&#8217;est brillant, c&#8217;est fin, c&#8217;est riche\u2009!<\/p>\n<p>Et c&#8217;est l\u00e0 que je voulais en venir. Riche.<\/p>\n<p>Il me reste deux blancs d&#8217;oeuf sur les bras dans le frigo. Oh non ce n&#8217;est pas moi qui aie fait de telle gabegie de jaune d&#8217;oeuf. Que nenni\u2009! C&#8217;est la grande, pour je ne sais quelle folie p\u00e2tissi\u00e8re.<\/p>\n<p>Comme vous le savez, on ne jette pas\u2009! On ne jette pas le pain, mais les blancs d&#8217;oeufs non plus.<\/p>\n<p>Je pourrais en faire quelque chose de l\u00e9ger, d&#8217;a\u00e9rien, mais avec Vivaldi qui me turlupine, il me faut du riche\u2009!<\/p>\n<p>De la poudre d&#8217;amande, du sucre, encore un peu de poudre d&#8217;amande, des amandes effil\u00e9es, du beurre, encore du beurre et un petit peu de poudre d&#8217;amande pour faire bonne mesure. Je vous pr\u00e9sente les financiers fa\u00e7on Vivaldi.<\/p>\n<p>\u00c0 table\u2009!<\/p>\n<p>&gt;&gt;&gt;&gt; <a title=\"Financiers\" href=\"http:\/\/pierrejean.com\/atable\/?page_id=836\">recette<\/a><\/p>\n<p>&nbsp;<\/p>\n<p><a href=\"https:\/\/pierrejean.com\/atable\/les-gateaux-a-la-vivaldi\/img_1144\/\" rel=\"attachment wp-att-831\"><img loading=\"lazy\" decoding=\"async\" data-attachment-id=\"831\" data-permalink=\"https:\/\/pierrejean.com\/atable\/les-gateaux-a-la-vivaldi\/img_1144\/\" data-orig-file=\"https:\/\/pierrejean.com\/atable\/wp-content\/uploads\/2012\/04\/IMG_1144.jpg\" data-orig-size=\"1440,1080\" data-comments-opened=\"1\" data-image-meta=\"{&quot;aperture&quot;:&quot;0&quot;,&quot;credit&quot;:&quot;&quot;,&quot;camera&quot;:&quot;&quot;,&quot;caption&quot;:&quot;&quot;,&quot;created_timestamp&quot;:&quot;0&quot;,&quot;copyright&quot;:&quot;&quot;,&quot;focal_length&quot;:&quot;0&quot;,&quot;iso&quot;:&quot;0&quot;,&quot;shutter_speed&quot;:&quot;0&quot;,&quot;title&quot;:&quot;&quot;}\" data-image-title=\"financiers\" data-image-description=\"\" data-image-caption=\"\" data-large-file=\"https:\/\/pierrejean.com\/atable\/wp-content\/uploads\/2012\/04\/IMG_1144-600x450.jpg\" class=\"aligncenter size-large wp-image-831\" title=\"financiers\" src=\"http:\/\/pierrejean.com\/atable\/wp-content\/uploads\/2012\/04\/IMG_1144-600x450.jpg\" alt=\"\" width=\"600\" height=\"450\" srcset=\"https:\/\/pierrejean.com\/atable\/wp-content\/uploads\/2012\/04\/IMG_1144-600x450.jpg 600w, https:\/\/pierrejean.com\/atable\/wp-content\/uploads\/2012\/04\/IMG_1144-350x262.jpg 350w, https:\/\/pierrejean.com\/atable\/wp-content\/uploads\/2012\/04\/IMG_1144.jpg 1440w\" sizes=\"auto, (max-width: 600px) 100vw, 600px\" \/><\/a><\/p>\n<p><a href=\"https:\/\/pierrejean.com\/atable\/les-gateaux-a-la-vivaldi\/img_1134\/\" rel=\"attachment wp-att-832\"><img loading=\"lazy\" decoding=\"async\" data-attachment-id=\"832\" data-permalink=\"https:\/\/pierrejean.com\/atable\/les-gateaux-a-la-vivaldi\/img_1134\/\" data-orig-file=\"https:\/\/pierrejean.com\/atable\/wp-content\/uploads\/2012\/04\/IMG_1134.jpg\" data-orig-size=\"1440,1080\" data-comments-opened=\"1\" data-image-meta=\"{&quot;aperture&quot;:&quot;0&quot;,&quot;credit&quot;:&quot;&quot;,&quot;camera&quot;:&quot;&quot;,&quot;caption&quot;:&quot;&quot;,&quot;created_timestamp&quot;:&quot;0&quot;,&quot;copyright&quot;:&quot;&quot;,&quot;focal_length&quot;:&quot;0&quot;,&quot;iso&quot;:&quot;0&quot;,&quot;shutter_speed&quot;:&quot;0&quot;,&quot;title&quot;:&quot;&quot;}\" data-image-title=\"financiers\" data-image-description=\"\" data-image-caption=\"\" data-large-file=\"https:\/\/pierrejean.com\/atable\/wp-content\/uploads\/2012\/04\/IMG_1134-600x450.jpg\" class=\"aligncenter size-large wp-image-832\" title=\"financiers\" src=\"http:\/\/pierrejean.com\/atable\/wp-content\/uploads\/2012\/04\/IMG_1134-600x450.jpg\" alt=\"\" width=\"600\" height=\"450\" srcset=\"https:\/\/pierrejean.com\/atable\/wp-content\/uploads\/2012\/04\/IMG_1134-600x450.jpg 600w, https:\/\/pierrejean.com\/atable\/wp-content\/uploads\/2012\/04\/IMG_1134-350x262.jpg 350w, https:\/\/pierrejean.com\/atable\/wp-content\/uploads\/2012\/04\/IMG_1134.jpg 1440w\" sizes=\"auto, (max-width: 600px) 100vw, 600px\" \/><\/a><\/p>\n","protected":false},"excerpt":{"rendered":"<p>Je n&#8217;ai pas honte de le dire, je suis retomb\u00e9 amoureux&#8230; Non, non pas de la grande, \u00e7a c&#8217;est \u00e0 chaque fois que je la vois\u2009! Je peux dire tout ce que je veux, de toute fa\u00e7on, elle ne veut pas honorer, de sa pr\u00e9sence,&nbsp;<a class=\"read-more\" href=\"https:\/\/pierrejean.com\/atable\/les-gateaux-a-la-vivaldi\/\">&hellip;<\/a><\/p>\n","protected":false},"author":1,"featured_media":832,"comment_status":"open","ping_status":"closed","sticky":false,"template":"","format":"standard","meta":{"editor_plus_copied_stylings":"{}","_jetpack_memberships_contains_paid_content":false,"footnotes":"","jetpack_publicize_message":"","jetpack_publicize_feature_enabled":true,"jetpack_social_post_already_shared":false,"jetpack_social_options":{"image_generator_settings":{"template":"highway","default_image_id":0,"font":"","enabled":false},"version":2}},"categories":[7,170],"tags":[97,96,40,95],"class_list":["post-830","post","type-post","status-publish","format-standard","has-post-thumbnail","hentry","category-dessert","category-editorial","tag-amande","tag-blanc-doeuf","tag-gateaux","tag-vivaldi"],"jetpack_publicize_connections":[],"jetpack_featured_media_url":"https:\/\/pierrejean.com\/atable\/wp-content\/uploads\/2012\/04\/IMG_1134.jpg","jetpack_sharing_enabled":true,"jetpack_shortlink":"https:\/\/wp.me\/pbxdSo-do","_links":{"self":[{"href":"https:\/\/pierrejean.com\/atable\/wp-json\/wp\/v2\/posts\/830","targetHints":{"allow":["GET"]}}],"collection":[{"href":"https:\/\/pierrejean.com\/atable\/wp-json\/wp\/v2\/posts"}],"about":[{"href":"https:\/\/pierrejean.com\/atable\/wp-json\/wp\/v2\/types\/post"}],"author":[{"embeddable":true,"href":"https:\/\/pierrejean.com\/atable\/wp-json\/wp\/v2\/users\/1"}],"replies":[{"embeddable":true,"href":"https:\/\/pierrejean.com\/atable\/wp-json\/wp\/v2\/comments?post=830"}],"version-history":[{"count":5,"href":"https:\/\/pierrejean.com\/atable\/wp-json\/wp\/v2\/posts\/830\/revisions"}],"predecessor-version":[{"id":1847,"href":"https:\/\/pierrejean.com\/atable\/wp-json\/wp\/v2\/posts\/830\/revisions\/1847"}],"wp:featuredmedia":[{"embeddable":true,"href":"https:\/\/pierrejean.com\/atable\/wp-json\/wp\/v2\/media\/832"}],"wp:attachment":[{"href":"https:\/\/pierrejean.com\/atable\/wp-json\/wp\/v2\/media?parent=830"}],"wp:term":[{"taxonomy":"category","embeddable":true,"href":"https:\/\/pierrejean.com\/atable\/wp-json\/wp\/v2\/categories?post=830"},{"taxonomy":"post_tag","embeddable":true,"href":"https:\/\/pierrejean.com\/atable\/wp-json\/wp\/v2\/tags?post=830"}],"curies":[{"name":"wp","href":"https:\/\/api.w.org\/{rel}","templated":true}]}}