{"id":712,"date":"2012-04-06T06:31:09","date_gmt":"2012-04-06T10:31:09","guid":{"rendered":"http:\/\/pierrejean.com\/?p=712"},"modified":"2020-03-14T14:38:43","modified_gmt":"2020-03-14T18:38:43","slug":"cake-jardiniere-2","status":"publish","type":"post","link":"https:\/\/pierrejean.com\/atable\/cake-jardiniere-2\/","title":{"rendered":"Cake Jardini\u00e8re"},"content":{"rendered":"<p><a href=\"https:\/\/pierrejean.com\/atable\/cake-jardiniere-2\/img_1030\/\" rel=\"attachment wp-att-714\"><img loading=\"lazy\" decoding=\"async\" data-attachment-id=\"714\" data-permalink=\"https:\/\/pierrejean.com\/atable\/cake-jardiniere-2\/img_1030\/\" data-orig-file=\"https:\/\/pierrejean.com\/atable\/wp-content\/uploads\/2012\/04\/IMG_1030.jpg\" data-orig-size=\"1440,1080\" data-comments-opened=\"1\" data-image-meta=\"{&quot;aperture&quot;:&quot;0&quot;,&quot;credit&quot;:&quot;&quot;,&quot;camera&quot;:&quot;&quot;,&quot;caption&quot;:&quot;&quot;,&quot;created_timestamp&quot;:&quot;0&quot;,&quot;copyright&quot;:&quot;&quot;,&quot;focal_length&quot;:&quot;0&quot;,&quot;iso&quot;:&quot;0&quot;,&quot;shutter_speed&quot;:&quot;0&quot;,&quot;title&quot;:&quot;&quot;}\" data-image-title=\"cake jardini\u00e8re\" data-image-description=\"\" data-image-caption=\"\" data-large-file=\"https:\/\/pierrejean.com\/atable\/wp-content\/uploads\/2012\/04\/IMG_1030-600x450.jpg\" class=\"alignright size-medium wp-image-714\" title=\"cake jardini\u00e8re\" src=\"http:\/\/pierrejean.com\/atable\/wp-content\/uploads\/2012\/04\/IMG_1030-350x262.jpg\" alt=\"\" width=\"350\" height=\"262\" srcset=\"https:\/\/pierrejean.com\/atable\/wp-content\/uploads\/2012\/04\/IMG_1030-350x262.jpg 350w, https:\/\/pierrejean.com\/atable\/wp-content\/uploads\/2012\/04\/IMG_1030-600x450.jpg 600w, https:\/\/pierrejean.com\/atable\/wp-content\/uploads\/2012\/04\/IMG_1030.jpg 1440w\" sizes=\"auto, (max-width: 350px) 100vw, 350px\" \/><\/a>On a des carottes dans le r\u00e9frig\u00e9rateur. On a toujours des carottes et, franchement, je ne sais pas \u00e0 quoi elles servent. Je vois des carottes et subitement elles disparaissent. Je n&#8217;ai pas d&#8217;id\u00e9e de leur utilisation. J&#8217;ai bien peur qu&#8217;elles n&#8217;en aient pas de r\u00e9elle. Pour faire beau, peut-\u00eatre\u2009?<\/p>\n<p>Moi, j&#8217;aime bien un bon boeuf bourguignon avec plein de carottes. D&#8217;ailleurs, il fut un temps, o\u00f9 j&#8217;en faisais r\u00e9guli\u00e8rement puis je suis pass\u00e9 au boeuf au curry, et les carottes ont perdu une occasion de se mettre en valeur. Pourtant, la petite aimait bien ces carottes-l\u00e0. La grande pr\u00e9f\u00e9rant le curry, c&#8217;est le curry qui a gagn\u00e9.<\/p>\n<p>Je n&#8217;aime pas et je n&#8217;ai jamais aim\u00e9 la pur\u00e9e de carottes. Je ne sais pas pourquoi, mais je pense que c&#8217;est li\u00e9 \u00e0 la texture. Tout \u00e7a pour dire que j&#8217;ai d\u00e9cid\u00e9 de trouver une nouvelle utilisation des petites carottes qui tra\u00eenent dans le frigo.<\/p>\n<p>Alors ce soir, je vais faire un cake jardini\u00e8re. J&#8217;ai dans l&#8217;id\u00e9e que les carottes vont mettre de la couleur dans mon cake. Les oignons et les courgettes, ce n&#8217;est pas tr\u00e8s color\u00e9. Je n&#8217;ai plus de poivron sinon c&#8217;e\u00fbt \u00e9t\u00e9 une bonne fa\u00e7on. Donc, carottes pour l&#8217;orange et oignons verts pour le &#8230; vert.<\/p>\n<p>J&#8217;ai un petit probl\u00e8me, intellectuel cela va sans dire, avec la tendret\u00e9 des carottes dans un cake. Donc je commence par les couper en julienne et les faire revenir suffisamment pour qu&#8217;elles ne soient pas per\u00e7ues comme la f\u00e8ve dans la galette.<\/p>\n<p>Ensuite, j&#8217;ajoute les courgettes, des herbes et enfin les oignons verts.<\/p>\n<p>Pendant ce temps-l\u00e0, je fais une p\u00e2te l\u00e9g\u00e8re avec un peu de levure pour que \u00e7a gonfle. J&#8217;aurais bien remis un peu de farine de ma\u00efs, mais une chose \u00e0 la fois. Si je ne veux pas froisser mon public gustatif, ma niche de march\u00e9, il faut y aller mollo.<\/p>\n<p>Au four 40 minutes et c&#8217;est pr\u00eat.<\/p>\n<p>\u00c0 table !<\/p>\n<p>&gt;&gt;&gt;&gt;&gt; <a title=\"Cake Jardini\u00e8re\" href=\"http:\/\/pierrejean.com\/atable\/?page_id=696\">recette<\/a><\/p>\n<p><a href=\"https:\/\/pierrejean.com\/atable\/cake-jardiniere-2\/img_1040\/\" rel=\"attachment wp-att-713\"><img loading=\"lazy\" decoding=\"async\" data-attachment-id=\"713\" data-permalink=\"https:\/\/pierrejean.com\/atable\/cake-jardiniere-2\/img_1040\/\" data-orig-file=\"https:\/\/pierrejean.com\/atable\/wp-content\/uploads\/2012\/04\/IMG_1040.jpg\" data-orig-size=\"1440,1080\" data-comments-opened=\"1\" data-image-meta=\"{&quot;aperture&quot;:&quot;0&quot;,&quot;credit&quot;:&quot;&quot;,&quot;camera&quot;:&quot;&quot;,&quot;caption&quot;:&quot;&quot;,&quot;created_timestamp&quot;:&quot;0&quot;,&quot;copyright&quot;:&quot;&quot;,&quot;focal_length&quot;:&quot;0&quot;,&quot;iso&quot;:&quot;0&quot;,&quot;shutter_speed&quot;:&quot;0&quot;,&quot;title&quot;:&quot;&quot;}\" data-image-title=\"cake jardini\u00e8re\" data-image-description=\"\" data-image-caption=\"\" data-large-file=\"https:\/\/pierrejean.com\/atable\/wp-content\/uploads\/2012\/04\/IMG_1040-600x450.jpg\" class=\"aligncenter size-large wp-image-713\" title=\"cake jardini\u00e8re\" src=\"http:\/\/pierrejean.com\/atable\/wp-content\/uploads\/2012\/04\/IMG_1040-600x450.jpg\" alt=\"\" width=\"600\" height=\"450\" srcset=\"https:\/\/pierrejean.com\/atable\/wp-content\/uploads\/2012\/04\/IMG_1040-600x450.jpg 600w, https:\/\/pierrejean.com\/atable\/wp-content\/uploads\/2012\/04\/IMG_1040-350x262.jpg 350w, https:\/\/pierrejean.com\/atable\/wp-content\/uploads\/2012\/04\/IMG_1040.jpg 1440w\" sizes=\"auto, (max-width: 600px) 100vw, 600px\" \/><\/a><\/p>\n","protected":false},"excerpt":{"rendered":"<p>On a des carottes dans le r\u00e9frig\u00e9rateur. On a toujours des carottes et, franchement, je ne sais pas \u00e0 quoi elles servent. Je vois des carottes et subitement elles disparaissent. Je n&#8217;ai pas d&#8217;id\u00e9e de leur utilisation. J&#8217;ai bien peur qu&#8217;elles n&#8217;en aient pas de&nbsp;<a class=\"read-more\" href=\"https:\/\/pierrejean.com\/atable\/cake-jardiniere-2\/\">&hellip;<\/a><\/p>\n","protected":false},"author":1,"featured_media":713,"comment_status":"open","ping_status":"closed","sticky":false,"template":"","format":"standard","meta":{"editor_plus_copied_stylings":"{}","_jetpack_memberships_contains_paid_content":false,"footnotes":"","jetpack_publicize_message":"","jetpack_publicize_feature_enabled":true,"jetpack_social_post_already_shared":false,"jetpack_social_options":{"image_generator_settings":{"template":"highway","default_image_id":0,"font":"","enabled":false},"version":2}},"categories":[170,13],"tags":[81],"class_list":["post-712","post","type-post","status-publish","format-standard","has-post-thumbnail","hentry","category-editorial","category-legume","tag-cake"],"jetpack_publicize_connections":[],"jetpack_featured_media_url":"https:\/\/pierrejean.com\/atable\/wp-content\/uploads\/2012\/04\/IMG_1040.jpg","jetpack_sharing_enabled":true,"jetpack_shortlink":"https:\/\/wp.me\/pbxdSo-bu","_links":{"self":[{"href":"https:\/\/pierrejean.com\/atable\/wp-json\/wp\/v2\/posts\/712","targetHints":{"allow":["GET"]}}],"collection":[{"href":"https:\/\/pierrejean.com\/atable\/wp-json\/wp\/v2\/posts"}],"about":[{"href":"https:\/\/pierrejean.com\/atable\/wp-json\/wp\/v2\/types\/post"}],"author":[{"embeddable":true,"href":"https:\/\/pierrejean.com\/atable\/wp-json\/wp\/v2\/users\/1"}],"replies":[{"embeddable":true,"href":"https:\/\/pierrejean.com\/atable\/wp-json\/wp\/v2\/comments?post=712"}],"version-history":[{"count":6,"href":"https:\/\/pierrejean.com\/atable\/wp-json\/wp\/v2\/posts\/712\/revisions"}],"predecessor-version":[{"id":1862,"href":"https:\/\/pierrejean.com\/atable\/wp-json\/wp\/v2\/posts\/712\/revisions\/1862"}],"wp:featuredmedia":[{"embeddable":true,"href":"https:\/\/pierrejean.com\/atable\/wp-json\/wp\/v2\/media\/713"}],"wp:attachment":[{"href":"https:\/\/pierrejean.com\/atable\/wp-json\/wp\/v2\/media?parent=712"}],"wp:term":[{"taxonomy":"category","embeddable":true,"href":"https:\/\/pierrejean.com\/atable\/wp-json\/wp\/v2\/categories?post=712"},{"taxonomy":"post_tag","embeddable":true,"href":"https:\/\/pierrejean.com\/atable\/wp-json\/wp\/v2\/tags?post=712"}],"curies":[{"name":"wp","href":"https:\/\/api.w.org\/{rel}","templated":true}]}}