{"id":663,"date":"2012-04-03T18:03:28","date_gmt":"2012-04-03T22:03:28","guid":{"rendered":"http:\/\/pierrejean.com\/?p=663"},"modified":"2020-03-14T14:41:23","modified_gmt":"2020-03-14T18:41:23","slug":"lasagna-del-giorno","status":"publish","type":"post","link":"https:\/\/pierrejean.com\/atable\/lasagna-del-giorno\/","title":{"rendered":"Lasagna del giorno"},"content":{"rendered":"<p>Quand je vous dis que je n&#8217;ai plus mon libre arbitre\u2009!<\/p>\n<p>Je rentre \u00e0 midi et elle me dit\u00a0: \u00ab\u00a0je veux des lasagnes\u00a0\u00bb.<\/p>\n<p><a href=\"https:\/\/pierrejean.com\/atable\/lasagnes-a-la-viande\/img_0701-2\/\" rel=\"attachment wp-att-656\"><img loading=\"lazy\" decoding=\"async\" data-attachment-id=\"656\" data-permalink=\"https:\/\/pierrejean.com\/atable\/lasagnes-a-la-viande\/img_0701-2\/\" data-orig-file=\"https:\/\/pierrejean.com\/atable\/wp-content\/uploads\/2012\/04\/IMG_0701.jpg\" data-orig-size=\"1440,1080\" data-comments-opened=\"1\" data-image-meta=\"{&quot;aperture&quot;:&quot;0&quot;,&quot;credit&quot;:&quot;&quot;,&quot;camera&quot;:&quot;&quot;,&quot;caption&quot;:&quot;&quot;,&quot;created_timestamp&quot;:&quot;0&quot;,&quot;copyright&quot;:&quot;&quot;,&quot;focal_length&quot;:&quot;0&quot;,&quot;iso&quot;:&quot;0&quot;,&quot;shutter_speed&quot;:&quot;0&quot;,&quot;title&quot;:&quot;&quot;}\" data-image-title=\"Lasagnes\" data-image-description=\"\" data-image-caption=\"\" data-large-file=\"https:\/\/pierrejean.com\/atable\/wp-content\/uploads\/2012\/04\/IMG_0701-600x450.jpg\" class=\"alignright size-medium wp-image-656\" title=\"Lasagnes\" src=\"http:\/\/pierrejean.com\/atable\/wp-content\/uploads\/2012\/04\/IMG_0701-350x262.jpg\" alt=\"\" width=\"350\" height=\"262\" srcset=\"https:\/\/pierrejean.com\/atable\/wp-content\/uploads\/2012\/04\/IMG_0701-350x262.jpg 350w, https:\/\/pierrejean.com\/atable\/wp-content\/uploads\/2012\/04\/IMG_0701-600x450.jpg 600w, https:\/\/pierrejean.com\/atable\/wp-content\/uploads\/2012\/04\/IMG_0701.jpg 1440w\" sizes=\"auto, (max-width: 350px) 100vw, 350px\" \/><\/a><\/p>\n<p>Non en fait, elle dit\u00a0: \u00ab\u00a0peut-\u00eatre qu&#8217;on pourrait avoir des lasagnes\u00a0\u00bb. Mais elle le dit tellement bien que cela veut dire\u00a0: \u00ab\u00a0je veux des lasagnes\u00a0\u00bb.<\/p>\n<p>C&#8217;est quoi, cette histoire de lasagnes? On ne fait pas de lasagnes le midi que je sache\u2009? En tout cas moi, je n\u2019en ai jamais fait. Oui, je fais des bonnes lasagnes. Je fais les meilleures lasagnes de ce c\u00f4t\u00e9-ci de la rue, c&#8217;est s\u00fbr, mais le soir. J&#8217;ai toujours fait \u00ab\u00a0lasagna della sera\u00a0\u00bb, les lasagnes du soir.<\/p>\n<p>En plus, moi, je m&#8217;\u00e9tais fait un petit film\u00a0: la prochaine fois, je vais me faire mes p\u00e2tes \u00e0 lasagnes moi-m\u00eame. Je vais les faire amoureusement. Je vais les \u00e9tirer doucement. Je trouve que les lasagnes du commerce sont un peu \u00e9paisses. Je les imagine plus fines. Je pourrais les faire avec une farine compl\u00e8te, \u00e7a ajouterait une nouvelle saveur \u00e0 ma lasagne. Ou alors, les aromatiser pour faire ressortir le go\u00fbt de la viande. Un soup\u00e7on de sauce tomate, \u00e7a donnerait de la couleur.<\/p>\n<p><a href=\"https:\/\/pierrejean.com\/atable\/lasagna-del-giorno\/img_1016\/\" rel=\"attachment wp-att-679\"><img loading=\"lazy\" decoding=\"async\" data-attachment-id=\"679\" data-permalink=\"https:\/\/pierrejean.com\/atable\/lasagna-del-giorno\/img_1016\/\" data-orig-file=\"https:\/\/pierrejean.com\/atable\/wp-content\/uploads\/2012\/04\/IMG_1016.jpg\" data-orig-size=\"1080,1440\" data-comments-opened=\"1\" data-image-meta=\"{&quot;aperture&quot;:&quot;0&quot;,&quot;credit&quot;:&quot;&quot;,&quot;camera&quot;:&quot;&quot;,&quot;caption&quot;:&quot;&quot;,&quot;created_timestamp&quot;:&quot;0&quot;,&quot;copyright&quot;:&quot;&quot;,&quot;focal_length&quot;:&quot;0&quot;,&quot;iso&quot;:&quot;0&quot;,&quot;shutter_speed&quot;:&quot;0&quot;,&quot;title&quot;:&quot;&quot;}\" data-image-title=\"lasagnes\" data-image-description=\"\" data-image-caption=\"\" data-large-file=\"https:\/\/pierrejean.com\/atable\/wp-content\/uploads\/2012\/04\/IMG_1016-525x700.jpg\" class=\"alignleft wp-image-679\" title=\"lasagnes\" src=\"http:\/\/pierrejean.com\/atable\/wp-content\/uploads\/2012\/04\/IMG_1016-337x450.jpg\" alt=\"\" width=\"236\" height=\"315\" srcset=\"https:\/\/pierrejean.com\/atable\/wp-content\/uploads\/2012\/04\/IMG_1016-337x450.jpg 337w, https:\/\/pierrejean.com\/atable\/wp-content\/uploads\/2012\/04\/IMG_1016-525x700.jpg 525w, https:\/\/pierrejean.com\/atable\/wp-content\/uploads\/2012\/04\/IMG_1016.jpg 1080w\" sizes=\"auto, (max-width: 236px) 100vw, 236px\" \/><\/a>Parce que je n&#8217;ai plus le droit \u00e0 la sauce tomate dans les lasagnes. D\u00e9cret familial\u2009! La grande n&#8217;aime pas \u00e7a. Je n&#8217;ai pas non plus le droit \u00e0 la b\u00e9chamel, trop lourd, trop gras, trop riche.<\/p>\n<p>Chez nous, les lasagnes, c&#8217;est au plus simple, des oignons, du steak hach\u00e9, des courgettes et c&#8217;est tout. Un peu de cr\u00e8me sur le dessus pour faire beau. Un peu de parmesan pour faire italien. Et voil\u00e0.<\/p>\n<p>C&#8217;est pour \u00e7a, moi je me disais\u00a0: je vais introduire de la diversit\u00e9 dans la lasagne. Je vais le faire subtilement. Je vais d\u00e9tourner l&#8217;attention avec une farce habituelle, mais des p\u00e2tes nouvelles. Je n\u2019allais pas me lancer dans les p\u00e2tes \u00e0 lasagne au roquefort, non quand m\u00eame pas. Peut-\u00eatre les p\u00e2tes au tabasco, \u00e7a oui, peut-\u00eatre. Non, je voyais un truc genre\u00a0: p\u00e2tes \u00e0 lasagne au bl\u00e9 entier, tamarin \u00a0et soup\u00e7on de persil. \u00c7a le fait, non\u2009?<\/p>\n<p>Stop\u2009! Fini les r\u00eaveries. \u00ab\u00a0Lasagna del giorno\u00a0\u00bb, c&#8217;est la commande\u2009!<\/p>\n<p>Au bout du compte, c&#8217;est pour lui faire plaisir tout \u00e7a, alors autant les faire les meilleures possible, j&#8217;attendrai la prochaine fois pour le chef-d&#8217;oeuvre.<\/p>\n<p>\u00c0 table.<\/p>\n<h6>&gt;&gt;&gt;&gt;<a title=\"Lasagnes \u00e0 la viande\" href=\"http:\/\/pierrejean.com\/atable\/?page_id=654\"> recette<\/a><\/h6>\n<p><a href=\"https:\/\/pierrejean.com\/atable\/lasagna-del-giorno\/img_1014\/\" rel=\"attachment wp-att-682\"><img loading=\"lazy\" decoding=\"async\" data-attachment-id=\"682\" data-permalink=\"https:\/\/pierrejean.com\/atable\/lasagna-del-giorno\/img_1014\/\" data-orig-file=\"https:\/\/pierrejean.com\/atable\/wp-content\/uploads\/2012\/04\/IMG_1014.jpg\" data-orig-size=\"1440,1080\" data-comments-opened=\"1\" data-image-meta=\"{&quot;aperture&quot;:&quot;0&quot;,&quot;credit&quot;:&quot;&quot;,&quot;camera&quot;:&quot;&quot;,&quot;caption&quot;:&quot;&quot;,&quot;created_timestamp&quot;:&quot;0&quot;,&quot;copyright&quot;:&quot;&quot;,&quot;focal_length&quot;:&quot;0&quot;,&quot;iso&quot;:&quot;0&quot;,&quot;shutter_speed&quot;:&quot;0&quot;,&quot;title&quot;:&quot;&quot;}\" data-image-title=\"lasagna del giorno\" data-image-description=\"\" data-image-caption=\"\" data-large-file=\"https:\/\/pierrejean.com\/atable\/wp-content\/uploads\/2012\/04\/IMG_1014-600x450.jpg\" class=\"aligncenter size-large wp-image-682\" title=\"lasagna del giorno\" src=\"http:\/\/pierrejean.com\/atable\/wp-content\/uploads\/2012\/04\/IMG_1014-600x450.jpg\" alt=\"\" width=\"600\" height=\"450\" srcset=\"https:\/\/pierrejean.com\/atable\/wp-content\/uploads\/2012\/04\/IMG_1014-600x450.jpg 600w, https:\/\/pierrejean.com\/atable\/wp-content\/uploads\/2012\/04\/IMG_1014-350x262.jpg 350w, https:\/\/pierrejean.com\/atable\/wp-content\/uploads\/2012\/04\/IMG_1014.jpg 1440w\" sizes=\"auto, (max-width: 600px) 100vw, 600px\" \/><\/a><\/p>\n<p>&nbsp;<\/p>\n","protected":false},"excerpt":{"rendered":"<p>Quand je vous dis que je n&#8217;ai plus mon libre arbitre\u2009! Je rentre \u00e0 midi et elle me dit\u00a0: \u00ab\u00a0je veux des lasagnes\u00a0\u00bb. Non en fait, elle dit\u00a0: \u00ab\u00a0peut-\u00eatre qu&#8217;on pourrait avoir des lasagnes\u00a0\u00bb. Mais elle le dit tellement bien que cela veut dire\u00a0: \u00ab\u00a0je&nbsp;<a class=\"read-more\" href=\"https:\/\/pierrejean.com\/atable\/lasagna-del-giorno\/\">&hellip;<\/a><\/p>\n","protected":false},"author":1,"featured_media":682,"comment_status":"open","ping_status":"closed","sticky":false,"template":"","format":"standard","meta":{"editor_plus_copied_stylings":"{}","_jetpack_memberships_contains_paid_content":false,"footnotes":"","jetpack_publicize_message":"","jetpack_publicize_feature_enabled":true,"jetpack_social_post_already_shared":false,"jetpack_social_options":{"image_generator_settings":{"template":"highway","default_image_id":0,"font":"","enabled":false},"version":2}},"categories":[170,3,4],"tags":[43,77],"class_list":["post-663","post","type-post","status-publish","format-standard","has-post-thumbnail","hentry","category-editorial","category-italien","category-pates","tag-boeuf","tag-lasagne"],"jetpack_publicize_connections":[],"jetpack_featured_media_url":"https:\/\/pierrejean.com\/atable\/wp-content\/uploads\/2012\/04\/IMG_1014.jpg","jetpack_sharing_enabled":true,"jetpack_shortlink":"https:\/\/wp.me\/pbxdSo-aH","_links":{"self":[{"href":"https:\/\/pierrejean.com\/atable\/wp-json\/wp\/v2\/posts\/663","targetHints":{"allow":["GET"]}}],"collection":[{"href":"https:\/\/pierrejean.com\/atable\/wp-json\/wp\/v2\/posts"}],"about":[{"href":"https:\/\/pierrejean.com\/atable\/wp-json\/wp\/v2\/types\/post"}],"author":[{"embeddable":true,"href":"https:\/\/pierrejean.com\/atable\/wp-json\/wp\/v2\/users\/1"}],"replies":[{"embeddable":true,"href":"https:\/\/pierrejean.com\/atable\/wp-json\/wp\/v2\/comments?post=663"}],"version-history":[{"count":19,"href":"https:\/\/pierrejean.com\/atable\/wp-json\/wp\/v2\/posts\/663\/revisions"}],"predecessor-version":[{"id":1866,"href":"https:\/\/pierrejean.com\/atable\/wp-json\/wp\/v2\/posts\/663\/revisions\/1866"}],"wp:featuredmedia":[{"embeddable":true,"href":"https:\/\/pierrejean.com\/atable\/wp-json\/wp\/v2\/media\/682"}],"wp:attachment":[{"href":"https:\/\/pierrejean.com\/atable\/wp-json\/wp\/v2\/media?parent=663"}],"wp:term":[{"taxonomy":"category","embeddable":true,"href":"https:\/\/pierrejean.com\/atable\/wp-json\/wp\/v2\/categories?post=663"},{"taxonomy":"post_tag","embeddable":true,"href":"https:\/\/pierrejean.com\/atable\/wp-json\/wp\/v2\/tags?post=663"}],"curies":[{"name":"wp","href":"https:\/\/api.w.org\/{rel}","templated":true}]}}