{"id":632,"date":"2012-04-02T06:04:19","date_gmt":"2012-04-02T10:04:19","guid":{"rendered":"http:\/\/pierrejean.com\/?p=632"},"modified":"2020-03-14T14:45:16","modified_gmt":"2020-03-14T18:45:16","slug":"gateau-de-riz-nostalgie","status":"publish","type":"post","link":"https:\/\/pierrejean.com\/atable\/gateau-de-riz-nostalgie\/","title":{"rendered":"G\u00e2teau de riz nostalgie"},"content":{"rendered":"<p>Justement Pa m&#8217;\u00e9crivait ce matin que la m\u00e9moire est une fonction \u00e9trange, les souvenirs vont et viennent \u00e0 un rythme qui leur est propre et souvent sans rapport direct avec le pr\u00e9sent, les \u00e9v\u00e8nements ni m\u00eame les pr\u00e9occupations.<\/p>\n<p>C&#8217;est en l\u00e9chant la cuill\u00e8re de la casserole du riz cuit dans le lait que j&#8217;ai retrouv\u00e9 ce go\u00fbt bien particulier de mon enfance. Bien s\u00fbr, il n&#8217;y a aucune chance que j&#8217;aie fait la recette que Mam faisait \u00e0 l&#8217;\u00e9poque, surtout qu&#8217;elle devait en changer au rythme de ce qu&#8217;elle avait, et encore moins de chance que j&#8217;aie reproduit par hasard le go\u00fbt exact que ce riz avait, mais il y avait quelque chose&#8230; Je ne sais pas si c&#8217;est l&#8217;influx nerveux qui allait \u00e0 contre-courant du cerveau aux papilles gustatives ou si c&#8217;est la texture, ou encore simplement l&#8217;odeur de la vanille et du caramel m\u00e9lang\u00e9s, ou bien l&#8217;expectative si longtemps repouss\u00e9e de ce dessert.<\/p>\n<p>Je suis comme un saumon qui se rapproche de la c\u00f4te \u00e0 la recherche de sa rivi\u00e8re natale recherchant l&#8217;odeur bien particuli\u00e8re de ce lit de gravier dans lequel il est n\u00e9.<\/p>\n<p>Il a navigu\u00e9 dans bien des oc\u00e9ans allant des c\u00f4tes asiatiques et leurs saveurs exotiques \u00e0 la m\u00e9diterran\u00e9e et ses parfums sucr\u00e9s, passant par le Mexique aux explosions piment\u00e9es ou l&#8217;Afrique aux go\u00fbts inconnus. Il s&#8217;est rapproch\u00e9 des c\u00f4tes, humant les effluves \u00e0 la recherche de la mol\u00e9cule qui lui rappellera sa p\u00e9riode juv\u00e9nile. Finalement, il accroche un \u00e9l\u00e9ment de r\u00e9ponse, puis reconna\u00eet le flux, trouve la source et remonte le courant invisible de sa propre vie. Ce n&#8217;est pas exactement ce qu&#8217;il a connu. C&#8217;\u00e9tait il y a seulement trois ans et les go\u00fbts d&#8217;\u00e9pinette sont plus soutenus, le vent a d\u00fb souffler plus fort et d\u00e9loger plus d&#8217;\u00e9pines. Il y a un fond de terre, la pluie a ruissel\u00e9 plus vite. D&#8217;autres amertumes inconnues se sont ajout\u00e9es. Depuis le temps qu&#8217;il vit dans l&#8217;eau sal\u00e9e, son go\u00fbt s&#8217;est alt\u00e9r\u00e9. Il ne saurait plus d\u00e9tecter, \u00e0 quelques pas, l&#8217;odeur t\u00e9nue d&#8217;une larve cach\u00e9e sous une pierre. Il ne trouvera plus \u00e0 50 pas, l&#8217;odeur de la source fra\u00eeche qui sourd au fond de l&#8217;eau.<\/p>\n<p><a href=\"https:\/\/pierrejean.com\/atable\/gateau-de-riz-nostalgie\/img_1001\/\" rel=\"attachment wp-att-635\"><img loading=\"lazy\" decoding=\"async\" data-attachment-id=\"635\" data-permalink=\"https:\/\/pierrejean.com\/atable\/gateau-de-riz-nostalgie\/img_1001\/\" data-orig-file=\"https:\/\/pierrejean.com\/atable\/wp-content\/uploads\/2012\/04\/IMG_1001.jpg\" data-orig-size=\"1440,1080\" data-comments-opened=\"1\" data-image-meta=\"{&quot;aperture&quot;:&quot;0&quot;,&quot;credit&quot;:&quot;&quot;,&quot;camera&quot;:&quot;&quot;,&quot;caption&quot;:&quot;&quot;,&quot;created_timestamp&quot;:&quot;0&quot;,&quot;copyright&quot;:&quot;&quot;,&quot;focal_length&quot;:&quot;0&quot;,&quot;iso&quot;:&quot;0&quot;,&quot;shutter_speed&quot;:&quot;0&quot;,&quot;title&quot;:&quot;&quot;}\" data-image-title=\"Gateau de riz dans le plat\" data-image-description=\"\" data-image-caption=\"\" data-large-file=\"https:\/\/pierrejean.com\/atable\/wp-content\/uploads\/2012\/04\/IMG_1001-600x450.jpg\" class=\"alignright size-medium wp-image-635\" title=\"Gateau de riz dans le plat\" src=\"http:\/\/pierrejean.com\/atable\/wp-content\/uploads\/2012\/04\/IMG_1001-350x262.jpg\" alt=\"\" width=\"350\" height=\"262\" srcset=\"https:\/\/pierrejean.com\/atable\/wp-content\/uploads\/2012\/04\/IMG_1001-350x262.jpg 350w, https:\/\/pierrejean.com\/atable\/wp-content\/uploads\/2012\/04\/IMG_1001-600x450.jpg 600w, https:\/\/pierrejean.com\/atable\/wp-content\/uploads\/2012\/04\/IMG_1001.jpg 1440w\" sizes=\"auto, (max-width: 350px) 100vw, 350px\" \/><\/a>Mais il sait que c&#8217;est l\u00e0.<\/p>\n<p>Il ne retrouve plus la pierre o\u00f9 il se prot\u00e9geait du courant. Ou il la retrouve, mais elle n&#8217;est plus de taille \u00e0 l&#8217;aider. Il a grossi, tout est diff\u00e9rent. Il ne retrouve plus le petit courant dans lequel il s&#8217;entra\u00eenait \u00e0 sauter. Il a vieilli; tout para\u00eet moins bien.<\/p>\n<p>Moi, j&#8217;ai reconnu le plat! Oui, nous avons pratiquement le m\u00eame moule qu&#8217;il y \u00a0avait chez moi. Je me souviens tr\u00e8s bien de sa forme, de sa couleur, de ses anses en forme de coquillage.<\/p>\n<p>J&#8217;ai retrouv\u00e9 le go\u00fbt quand je l\u00e9chais le plat. Je ne l&#8217;ai pas retrouv\u00e9 aussi pleinement quand j&#8217;ai mang\u00e9 le dessert, mais ce n&#8217;est pas grave \u00e7a fait du bien.<\/p>\n<p>\u00c0 table!<\/p>\n<h6>&gt;&gt;&gt;&gt;&gt; <a title=\"G\u00e2teau de riz\" href=\"http:\/\/pierrejean.com\/atable\/?page_id=607\">recette<\/a><\/h6>\n<p><a href=\"https:\/\/pierrejean.com\/atable\/gateau-de-riz-nostalgie\/img_1011-clean\/\" rel=\"attachment wp-att-636\"><img loading=\"lazy\" decoding=\"async\" data-attachment-id=\"636\" data-permalink=\"https:\/\/pierrejean.com\/atable\/gateau-de-riz-nostalgie\/img_1011-clean\/\" data-orig-file=\"https:\/\/pierrejean.com\/atable\/wp-content\/uploads\/2012\/04\/IMG_1011-clean.jpg\" data-orig-size=\"1440,1080\" data-comments-opened=\"1\" data-image-meta=\"{&quot;aperture&quot;:&quot;0&quot;,&quot;credit&quot;:&quot;&quot;,&quot;camera&quot;:&quot;&quot;,&quot;caption&quot;:&quot;&quot;,&quot;created_timestamp&quot;:&quot;0&quot;,&quot;copyright&quot;:&quot;&quot;,&quot;focal_length&quot;:&quot;0&quot;,&quot;iso&quot;:&quot;0&quot;,&quot;shutter_speed&quot;:&quot;0&quot;,&quot;title&quot;:&quot;&quot;}\" data-image-title=\"G\u00e2teau de riz\" data-image-description=\"\" data-image-caption=\"\" data-large-file=\"https:\/\/pierrejean.com\/atable\/wp-content\/uploads\/2012\/04\/IMG_1011-clean-600x450.jpg\" class=\"aligncenter size-large wp-image-636\" title=\"G\u00e2teau de riz\" src=\"http:\/\/pierrejean.com\/atable\/wp-content\/uploads\/2012\/04\/IMG_1011-clean-600x450.jpg\" alt=\"\" width=\"600\" height=\"450\" srcset=\"https:\/\/pierrejean.com\/atable\/wp-content\/uploads\/2012\/04\/IMG_1011-clean-600x450.jpg 600w, https:\/\/pierrejean.com\/atable\/wp-content\/uploads\/2012\/04\/IMG_1011-clean-350x262.jpg 350w, https:\/\/pierrejean.com\/atable\/wp-content\/uploads\/2012\/04\/IMG_1011-clean.jpg 1440w\" sizes=\"auto, (max-width: 600px) 100vw, 600px\" \/><\/a><\/p>\n","protected":false},"excerpt":{"rendered":"<p>Justement Pa m&#8217;\u00e9crivait ce matin que la m\u00e9moire est une fonction \u00e9trange, les souvenirs vont et viennent \u00e0 un rythme qui leur est propre et souvent sans rapport direct avec le pr\u00e9sent, les \u00e9v\u00e8nements ni m\u00eame les pr\u00e9occupations. C&#8217;est en l\u00e9chant la cuill\u00e8re de la&nbsp;<a class=\"read-more\" href=\"https:\/\/pierrejean.com\/atable\/gateau-de-riz-nostalgie\/\">&hellip;<\/a><\/p>\n","protected":false},"author":1,"featured_media":636,"comment_status":"open","ping_status":"closed","sticky":false,"template":"","format":"standard","meta":{"editor_plus_copied_stylings":"{}","_jetpack_memberships_contains_paid_content":false,"footnotes":"","jetpack_publicize_message":"","jetpack_publicize_feature_enabled":true,"jetpack_social_post_already_shared":false,"jetpack_social_options":{"image_generator_settings":{"template":"highway","default_image_id":0,"font":"","enabled":false},"version":2}},"categories":[7,170],"tags":[19,31],"class_list":["post-632","post","type-post","status-publish","format-standard","has-post-thumbnail","hentry","category-dessert","category-editorial","tag-gateau","tag-riz"],"jetpack_publicize_connections":[],"jetpack_featured_media_url":"https:\/\/pierrejean.com\/atable\/wp-content\/uploads\/2012\/04\/IMG_1011-clean.jpg","jetpack_sharing_enabled":true,"jetpack_shortlink":"https:\/\/wp.me\/pbxdSo-ac","_links":{"self":[{"href":"https:\/\/pierrejean.com\/atable\/wp-json\/wp\/v2\/posts\/632","targetHints":{"allow":["GET"]}}],"collection":[{"href":"https:\/\/pierrejean.com\/atable\/wp-json\/wp\/v2\/posts"}],"about":[{"href":"https:\/\/pierrejean.com\/atable\/wp-json\/wp\/v2\/types\/post"}],"author":[{"embeddable":true,"href":"https:\/\/pierrejean.com\/atable\/wp-json\/wp\/v2\/users\/1"}],"replies":[{"embeddable":true,"href":"https:\/\/pierrejean.com\/atable\/wp-json\/wp\/v2\/comments?post=632"}],"version-history":[{"count":9,"href":"https:\/\/pierrejean.com\/atable\/wp-json\/wp\/v2\/posts\/632\/revisions"}],"predecessor-version":[{"id":1873,"href":"https:\/\/pierrejean.com\/atable\/wp-json\/wp\/v2\/posts\/632\/revisions\/1873"}],"wp:featuredmedia":[{"embeddable":true,"href":"https:\/\/pierrejean.com\/atable\/wp-json\/wp\/v2\/media\/636"}],"wp:attachment":[{"href":"https:\/\/pierrejean.com\/atable\/wp-json\/wp\/v2\/media?parent=632"}],"wp:term":[{"taxonomy":"category","embeddable":true,"href":"https:\/\/pierrejean.com\/atable\/wp-json\/wp\/v2\/categories?post=632"},{"taxonomy":"post_tag","embeddable":true,"href":"https:\/\/pierrejean.com\/atable\/wp-json\/wp\/v2\/tags?post=632"}],"curies":[{"name":"wp","href":"https:\/\/api.w.org\/{rel}","templated":true}]}}