{"id":565,"date":"2012-03-31T19:59:26","date_gmt":"2012-03-31T23:59:26","guid":{"rendered":"http:\/\/pierrejean.com\/?p=565"},"modified":"2020-03-14T14:48:59","modified_gmt":"2020-03-14T18:48:59","slug":"tarte-tatin-tazieff","status":"publish","type":"post","link":"https:\/\/pierrejean.com\/atable\/tarte-tatin-tazieff\/","title":{"rendered":"Tarte Tatin Tazieff"},"content":{"rendered":"<p>Le V\u00e9suve sous la lune, cela devait \u00eatre beau, en l&#8217;an 79.<\/p>\n<p>Ici et maintenant, cela n&#8217;a pas le m\u00eame charme. Mais c&#8217;est \u00e7a qui va nous arriver\u00a0: les coul\u00e9es de lave vont envahir l&#8217;appartement, nous allons rejouer Pomp\u00e9i. Les arch\u00e9ologues viendront avec leurs petites truelles et leurs petits pinceaux pour nous extraire petit \u00e0 petit de notre gangue de sucre. Nous serons cristallis\u00e9s. Sur les photos, vous reconna\u00eetrez nos silhouettes\u00a0fig\u00e9es, p\u00e9trifi\u00e9es, statufi\u00e9es aux abords de la cuisine. Vous ne pourrez pas vous tromper\u00a0: le regard tourn\u00e9 vers le four, dont la porte est entrouverte et d&#8217;o\u00f9 s&#8217;\u00e9chappent des flots de caramel solidifi\u00e9.<\/p>\n<p>Tout a commenc\u00e9 parce que j&#8217;avais l&#8217;esp\u00e9rance de les g\u00e2ter d&#8217;une tarte Tatin.<\/p>\n<p><a href=\"https:\/\/pierrejean.com\/atable\/tarte-tatin-tazieff\/img_0974\/\" rel=\"attachment wp-att-588\"><img loading=\"lazy\" decoding=\"async\" data-attachment-id=\"588\" data-permalink=\"https:\/\/pierrejean.com\/atable\/tarte-tatin-tazieff\/img_0974\/\" data-orig-file=\"https:\/\/pierrejean.com\/atable\/wp-content\/uploads\/2012\/03\/IMG_0974.jpg\" data-orig-size=\"1440,1080\" data-comments-opened=\"1\" data-image-meta=\"{&quot;aperture&quot;:&quot;0&quot;,&quot;credit&quot;:&quot;&quot;,&quot;camera&quot;:&quot;&quot;,&quot;caption&quot;:&quot;&quot;,&quot;created_timestamp&quot;:&quot;0&quot;,&quot;copyright&quot;:&quot;&quot;,&quot;focal_length&quot;:&quot;0&quot;,&quot;iso&quot;:&quot;0&quot;,&quot;shutter_speed&quot;:&quot;0&quot;,&quot;title&quot;:&quot;&quot;}\" data-image-title=\"tarte tatin\" data-image-description=\"\" data-image-caption=\"\" data-large-file=\"https:\/\/pierrejean.com\/atable\/wp-content\/uploads\/2012\/03\/IMG_0974-600x450.jpg\" class=\"alignleft size-medium wp-image-588\" title=\"tarte tatin\" src=\"http:\/\/pierrejean.com\/atable\/wp-content\/uploads\/2012\/03\/IMG_0974-350x262.jpg\" alt=\"Le caramel tel qu'il doit \u00eatre\" width=\"350\" height=\"262\" srcset=\"https:\/\/pierrejean.com\/atable\/wp-content\/uploads\/2012\/03\/IMG_0974-350x262.jpg 350w, https:\/\/pierrejean.com\/atable\/wp-content\/uploads\/2012\/03\/IMG_0974-600x450.jpg 600w, https:\/\/pierrejean.com\/atable\/wp-content\/uploads\/2012\/03\/IMG_0974.jpg 1440w\" sizes=\"auto, (max-width: 350px) 100vw, 350px\" \/><\/a>Il faut des pommes, c&#8217;est \u00e9vident. Il faut du sucre, \u00e7a aussi; ensuite du beurre et de la p\u00e2te, jusque-l\u00e0, tout va bien. Enfin, il faut un moule rond \u00e0 larges bords. Pas de probl\u00e8me, j&#8217;en ai aper\u00e7u au moins deux au fond de l&#8217;armoire \u00e0 plats. Le premier est trop petit, le second sera parfait sauf que c&#8217;est un plat \u00e0 charni\u00e8re. Normalement, ce type de plat\u00a0doit \u00eatre raisonnablement \u00e9tanche et le caramel est, tout aussi, raisonnablement \u00e9pais. Tout devrait bien se passer.<\/p>\n<p>Donc, j&#8217;entame le caramel au beurre. Il mousse g\u00e9n\u00e9reusement.<\/p>\n<p>J&#8217;\u00e9pluche les pommes.<\/p>\n<p>Je fais cuire les endives&#8230; Ah oui, j&#8217;ai oubli\u00e9 de vous dire que, simultan\u00e9ment, je fais des endives au jambon.<\/p>\n<p>Sur la cuisini\u00e8re, il y a les endives, la sauce blanche, le caramel\u2009; sur le comptoir, les pommes, les plats, la p\u00e2te pour la tarte, le jambon, le lait, le parmesan, le beurre, la farine pour fleurer le\u00a0plan de travail. Je m&#8217;y retrouve encore, plus ce serait trop.<\/p>\n<p>D&#8217;un seul coup, le caramel pr\u00e9cipite.<\/p>\n<p>Moi aussi je me pr\u00e9cipite\u2009!<\/p>\n<p>D&#8217;une belle texture moussante, il devient une bulle brune dans un liquide \u00e9pais et dor\u00e9. Vous savez les lampes, dites modernes, dans lesquelles une bulle de substance bleue se d\u00e9place verticalement en se d\u00e9formant sous l&#8217;action de la chaleur de l&#8217;ampoule. Eh bien la m\u00eame, mais \u00e0 l&#8217;horizontale, et sans le bleu quand m\u00eame.<\/p>\n<p>Je retire le maximum du beurre fondu et je verse le \u00ab\u00a0caramel\u00a0\u00bb dont la texture ne fait que me conforter dans l&#8217;id\u00e9e que le moule ne laissera rien passer. Enfer et damnation, aussit\u00f4t vers\u00e9, le beurre fondu traverse et flaque sous le plat. Je me h\u00e2te et rattrape, in extremis, les fluides en folie.[[[ Effet stroboscopique ]]]\u00a0Je dispose les quartiers de pomme, arr\u00eate les endives, touille la sauce b\u00e9chamel, p\u00e9tris la p\u00e2te, ajoute encore des pommes, fleure le comptoir, \u00e9goutte les endives, abaisse la p\u00e2te, recouvre la Tatin. J&#8217;enfourne\u2009!<a href=\"https:\/\/pierrejean.com\/atable\/tarte-tatin-tazieff\/img_0971\/\" rel=\"attachment wp-att-583\"><img loading=\"lazy\" decoding=\"async\" data-attachment-id=\"583\" data-permalink=\"https:\/\/pierrejean.com\/atable\/tarte-tatin-tazieff\/img_0971\/\" data-orig-file=\"https:\/\/pierrejean.com\/atable\/wp-content\/uploads\/2012\/03\/IMG_0971.jpg\" data-orig-size=\"1440,1080\" data-comments-opened=\"1\" data-image-meta=\"{&quot;aperture&quot;:&quot;0&quot;,&quot;credit&quot;:&quot;&quot;,&quot;camera&quot;:&quot;&quot;,&quot;caption&quot;:&quot;&quot;,&quot;created_timestamp&quot;:&quot;0&quot;,&quot;copyright&quot;:&quot;&quot;,&quot;focal_length&quot;:&quot;0&quot;,&quot;iso&quot;:&quot;0&quot;,&quot;shutter_speed&quot;:&quot;0&quot;,&quot;title&quot;:&quot;&quot;}\" data-image-title=\"endives au jambon gratin\u00e9es \" data-image-description=\"\" data-image-caption=\"\" data-large-file=\"https:\/\/pierrejean.com\/atable\/wp-content\/uploads\/2012\/03\/IMG_0971-600x450.jpg\" class=\"alignright size-medium wp-image-583\" title=\"endives au jambon gratin\u00e9es \" src=\"http:\/\/pierrejean.com\/atable\/wp-content\/uploads\/2012\/03\/IMG_0971-350x262.jpg\" alt=\"\" width=\"350\" height=\"262\" srcset=\"https:\/\/pierrejean.com\/atable\/wp-content\/uploads\/2012\/03\/IMG_0971-350x262.jpg 350w, https:\/\/pierrejean.com\/atable\/wp-content\/uploads\/2012\/03\/IMG_0971-600x450.jpg 600w, https:\/\/pierrejean.com\/atable\/wp-content\/uploads\/2012\/03\/IMG_0971.jpg 1440w\" sizes=\"auto, (max-width: 350px) 100vw, 350px\" \/><\/a><\/p>\n<p>J&#8217;enroule les endives, finis ma b\u00e9chamel, dispose puis recouvre. J&#8217;enfourne encore.<\/p>\n<p>15 minutes plus tard, je jette un \u0153il, avec, quand m\u00eame, une petite appr\u00e9hension au sujet du caramel.<\/p>\n<p>J&#8217;entrouvre la porte et c&#8217;est l\u00e0 que le cataclysme se d\u00e9clenche. Le caramel a entam\u00e9 sa progression, il se r\u00e9pand sous le maudit plat \u00e0 charni\u00e8re. Il a entam\u00e9 d&#8217;escalader le plat des endives et s&#8217;est \u00e9lanc\u00e9 \u00e0 l&#8217;assaut de la porte du four. D\u00e8s que j&#8217;ai entreb\u00e2ill\u00e9 la fournaise, des projections de caramel lancent une attaque vers la libert\u00e9. C&#8217;est l&#8217;explosion de l&#8217;Etna, une r\u00e9surgence du Popocatepetl, une effusion du Stromboli.<\/p>\n<p>Non, le caramel en furie ne passera pas. Je m&#8217;\u00e9quipe et attrape la plaque \u00e0 four qui supporte le cataclysme en devenir et sors le tout. J&#8217;attrape le plat \u00e0 Tatin et d\u00e9moule la tarte en un tour, \u00e0 180\u00b0, de main. Je sors une autre plaque et remets les endives \u00e0 gratiner.<\/p>\n<p>La paix est revenue.<\/p>\n<p>\u00c0 table!<\/p>\n<p>&gt;&gt;&gt;&gt;&gt; <a title=\"Tarte Tatin\" href=\"http:\/\/pierrejean.com\/atable\/?page_id=574\">recette<\/a><\/p>\n<p><a href=\"https:\/\/pierrejean.com\/atable\/img_0967\/\" rel=\"attachment wp-att-570\"><img loading=\"lazy\" decoding=\"async\" data-attachment-id=\"570\" data-permalink=\"https:\/\/pierrejean.com\/atable\/img_0967\/\" data-orig-file=\"https:\/\/pierrejean.com\/atable\/wp-content\/uploads\/2012\/03\/IMG_0967.jpg\" data-orig-size=\"1440,1080\" data-comments-opened=\"1\" data-image-meta=\"{&quot;aperture&quot;:&quot;0&quot;,&quot;credit&quot;:&quot;&quot;,&quot;camera&quot;:&quot;&quot;,&quot;caption&quot;:&quot;&quot;,&quot;created_timestamp&quot;:&quot;0&quot;,&quot;copyright&quot;:&quot;&quot;,&quot;focal_length&quot;:&quot;0&quot;,&quot;iso&quot;:&quot;0&quot;,&quot;shutter_speed&quot;:&quot;0&quot;,&quot;title&quot;:&quot;&quot;}\" data-image-title=\"tatin\" data-image-description=\"\" data-image-caption=\"\" data-large-file=\"https:\/\/pierrejean.com\/atable\/wp-content\/uploads\/2012\/03\/IMG_0967-600x450.jpg\" class=\"aligncenter size-large wp-image-570\" title=\"tatin\" src=\"http:\/\/pierrejean.com\/atable\/wp-content\/uploads\/2012\/03\/IMG_0967-600x450.jpg\" alt=\"\" width=\"600\" height=\"450\" srcset=\"https:\/\/pierrejean.com\/atable\/wp-content\/uploads\/2012\/03\/IMG_0967-600x450.jpg 600w, https:\/\/pierrejean.com\/atable\/wp-content\/uploads\/2012\/03\/IMG_0967-350x262.jpg 350w, https:\/\/pierrejean.com\/atable\/wp-content\/uploads\/2012\/03\/IMG_0967.jpg 1440w\" sizes=\"auto, (max-width: 600px) 100vw, 600px\" \/><\/a><\/p>\n<p>&nbsp;<\/p>\n","protected":false},"excerpt":{"rendered":"<p>Le V\u00e9suve sous la lune, cela devait \u00eatre beau, en l&#8217;an 79. Ici et maintenant, cela n&#8217;a pas le m\u00eame charme. Mais c&#8217;est \u00e7a qui va nous arriver\u00a0: les coul\u00e9es de lave vont envahir l&#8217;appartement, nous allons rejouer Pomp\u00e9i. Les arch\u00e9ologues viendront avec leurs petites&nbsp;<a class=\"read-more\" href=\"https:\/\/pierrejean.com\/atable\/tarte-tatin-tazieff\/\">&hellip;<\/a><\/p>\n","protected":false},"author":1,"featured_media":588,"comment_status":"open","ping_status":"closed","sticky":false,"template":"","format":"standard","meta":{"editor_plus_copied_stylings":"{}","_jetpack_memberships_contains_paid_content":false,"footnotes":"","jetpack_publicize_message":"","jetpack_publicize_feature_enabled":true,"jetpack_social_post_already_shared":false,"jetpack_social_options":{"image_generator_settings":{"template":"highway","default_image_id":0,"font":"","enabled":false},"version":2}},"categories":[7,170],"tags":[69,28,68],"class_list":["post-565","post","type-post","status-publish","format-standard","has-post-thumbnail","hentry","category-dessert","category-editorial","tag-endives","tag-pommes","tag-tatin"],"jetpack_publicize_connections":[],"jetpack_featured_media_url":"https:\/\/pierrejean.com\/atable\/wp-content\/uploads\/2012\/03\/IMG_0974.jpg","jetpack_sharing_enabled":true,"jetpack_shortlink":"https:\/\/wp.me\/pbxdSo-97","_links":{"self":[{"href":"https:\/\/pierrejean.com\/atable\/wp-json\/wp\/v2\/posts\/565","targetHints":{"allow":["GET"]}}],"collection":[{"href":"https:\/\/pierrejean.com\/atable\/wp-json\/wp\/v2\/posts"}],"about":[{"href":"https:\/\/pierrejean.com\/atable\/wp-json\/wp\/v2\/types\/post"}],"author":[{"embeddable":true,"href":"https:\/\/pierrejean.com\/atable\/wp-json\/wp\/v2\/users\/1"}],"replies":[{"embeddable":true,"href":"https:\/\/pierrejean.com\/atable\/wp-json\/wp\/v2\/comments?post=565"}],"version-history":[{"count":13,"href":"https:\/\/pierrejean.com\/atable\/wp-json\/wp\/v2\/posts\/565\/revisions"}],"predecessor-version":[{"id":1877,"href":"https:\/\/pierrejean.com\/atable\/wp-json\/wp\/v2\/posts\/565\/revisions\/1877"}],"wp:featuredmedia":[{"embeddable":true,"href":"https:\/\/pierrejean.com\/atable\/wp-json\/wp\/v2\/media\/588"}],"wp:attachment":[{"href":"https:\/\/pierrejean.com\/atable\/wp-json\/wp\/v2\/media?parent=565"}],"wp:term":[{"taxonomy":"category","embeddable":true,"href":"https:\/\/pierrejean.com\/atable\/wp-json\/wp\/v2\/categories?post=565"},{"taxonomy":"post_tag","embeddable":true,"href":"https:\/\/pierrejean.com\/atable\/wp-json\/wp\/v2\/tags?post=565"}],"curies":[{"name":"wp","href":"https:\/\/api.w.org\/{rel}","templated":true}]}}