{"id":517,"date":"2012-03-28T10:14:28","date_gmt":"2012-03-28T14:14:28","guid":{"rendered":"http:\/\/pierrejean.com\/?p=517"},"modified":"2020-03-14T14:50:38","modified_gmt":"2020-03-14T18:50:38","slug":"heteronomie-du-cuisinier","status":"publish","type":"post","link":"https:\/\/pierrejean.com\/atable\/heteronomie-du-cuisinier\/","title":{"rendered":"H\u00e9t\u00e9ronomie du cuisinier"},"content":{"rendered":"<p>Le cuisinier est-il libre\u2009?<\/p>\n<p>Peut-il en tout \u00e9tat de libert\u00e9 intellectuelle ne pas subir les forces ext\u00e9rieures et faire ses propres lois, vivre selon ces propres lois, exercer sa propre autonomie?<\/p>\n<p>Est-ce que le cuisinier peut, tout comme Kant, soutenir que la \u00ab\u00a0raison pratique\u00a0\u00bb est d\u00e9finie par sa libert\u00e9 de faire ou refaire les recettes qui lui plaisent, quand il lui pla\u00eet?<\/p>\n<p>En mati\u00e8re culinaire, la raison n&#8217;est plus pure, elle est pollu\u00e9e d&#8217;artefacts familiaux. La raison n&#8217;a plus cours! Le calendrier est perclus de dates de r\u00e9p\u00e9tition. Les conversations familiales ne tournent plus autour du repas qui vient, mais de la date de retour de telle ou telle recette.<\/p>\n<p>Ce n&#8217;est plus \u00ab\u00a0qu&#8217;est-ce qu&#8217;on mange?\u00a0\u00bb, c&#8217;est \u00ab\u00a0\u00e0 quand les cornes de gazelle?\u00a0\u00bb.<\/p>\n<p>Hier, les mensonges courraient\u2009: les pommes se g\u00e2tent, il y a des \u0153ufs qui attendent, les moules \u00e0 manqu\u00e9 s&#8217;oxydent, on a renvers\u00e9 du sucre, le beurre est en promotion\u2009! On a entendu \u00e0 la radio: \u00abc&#8217;est le retour du moelleux aux pommes\u00bb.<\/p>\n<p>Pouvez-vous croire \u00e0 \u00e7a? \u00abOn a entendu \u00e0 la radio que c&#8217;\u00e9tait le retour du moelleux aux pommes.\u00bb<\/p>\n<p>Le cuisinier est prisonnier de la cellule familiale, de la tyrannie du go\u00fbt, de l&#8217;app\u00e9tit des choses nouvelles. Il ne lui reste que ses r\u00eaves et il les affiche!<\/p>\n<p>\u00c0 table!<\/p>\n<p>&nbsp;<\/p>\n<p><a href=\"https:\/\/pierrejean.com\/atable\/heteronomie-du-cuisinier\/img_0947-2\/\" rel=\"attachment wp-att-522\"><img loading=\"lazy\" decoding=\"async\" data-attachment-id=\"522\" data-permalink=\"https:\/\/pierrejean.com\/atable\/heteronomie-du-cuisinier\/img_0947-2\/\" data-orig-file=\"https:\/\/pierrejean.com\/atable\/wp-content\/uploads\/2012\/03\/IMG_09471.jpg\" data-orig-size=\"1440,1080\" data-comments-opened=\"1\" data-image-meta=\"{&quot;aperture&quot;:&quot;0&quot;,&quot;credit&quot;:&quot;&quot;,&quot;camera&quot;:&quot;&quot;,&quot;caption&quot;:&quot;&quot;,&quot;created_timestamp&quot;:&quot;0&quot;,&quot;copyright&quot;:&quot;&quot;,&quot;focal_length&quot;:&quot;0&quot;,&quot;iso&quot;:&quot;0&quot;,&quot;shutter_speed&quot;:&quot;0&quot;,&quot;title&quot;:&quot;&quot;}\" data-image-title=\"moelleux au poisson\" data-image-description=\"\" data-image-caption=\"\" data-large-file=\"https:\/\/pierrejean.com\/atable\/wp-content\/uploads\/2012\/03\/IMG_09471-600x450.jpg\" class=\"aligncenter size-large wp-image-522\" title=\"moelleux au poisson\" src=\"http:\/\/pierrejean.com\/atable\/wp-content\/uploads\/2012\/03\/IMG_09471-600x450.jpg\" alt=\"\" width=\"600\" height=\"450\" srcset=\"https:\/\/pierrejean.com\/atable\/wp-content\/uploads\/2012\/03\/IMG_09471-600x450.jpg 600w, https:\/\/pierrejean.com\/atable\/wp-content\/uploads\/2012\/03\/IMG_09471-350x262.jpg 350w, https:\/\/pierrejean.com\/atable\/wp-content\/uploads\/2012\/03\/IMG_09471.jpg 1440w\" sizes=\"auto, (max-width: 600px) 100vw, 600px\" \/><\/a><\/p>\n","protected":false},"excerpt":{"rendered":"<p>Le cuisinier est-il libre\u2009? Peut-il en tout \u00e9tat de libert\u00e9 intellectuelle ne pas subir les forces ext\u00e9rieures et faire ses propres lois, vivre selon ces propres lois, exercer sa propre autonomie? Est-ce que le cuisinier peut, tout comme Kant, soutenir que la \u00ab\u00a0raison pratique\u00a0\u00bb est&nbsp;<a class=\"read-more\" href=\"https:\/\/pierrejean.com\/atable\/heteronomie-du-cuisinier\/\">&hellip;<\/a><\/p>\n","protected":false},"author":1,"featured_media":518,"comment_status":"open","ping_status":"closed","sticky":false,"template":"","format":"standard","meta":{"editor_plus_copied_stylings":"{}","_jetpack_memberships_contains_paid_content":false,"footnotes":"","jetpack_publicize_message":"","jetpack_publicize_feature_enabled":true,"jetpack_social_post_already_shared":false,"jetpack_social_options":{"image_generator_settings":{"template":"highway","default_image_id":0,"font":"","enabled":false},"version":2}},"categories":[7,170],"tags":[63,64],"class_list":["post-517","post","type-post","status-publish","format-standard","has-post-thumbnail","hentry","category-dessert","category-editorial","tag-moelleux-aux-pommes","tag-philosophie"],"jetpack_publicize_connections":[],"jetpack_featured_media_url":"https:\/\/pierrejean.com\/atable\/wp-content\/uploads\/2012\/03\/IMG_0943.jpg","jetpack_sharing_enabled":true,"jetpack_shortlink":"https:\/\/wp.me\/pbxdSo-8l","_links":{"self":[{"href":"https:\/\/pierrejean.com\/atable\/wp-json\/wp\/v2\/posts\/517","targetHints":{"allow":["GET"]}}],"collection":[{"href":"https:\/\/pierrejean.com\/atable\/wp-json\/wp\/v2\/posts"}],"about":[{"href":"https:\/\/pierrejean.com\/atable\/wp-json\/wp\/v2\/types\/post"}],"author":[{"embeddable":true,"href":"https:\/\/pierrejean.com\/atable\/wp-json\/wp\/v2\/users\/1"}],"replies":[{"embeddable":true,"href":"https:\/\/pierrejean.com\/atable\/wp-json\/wp\/v2\/comments?post=517"}],"version-history":[{"count":9,"href":"https:\/\/pierrejean.com\/atable\/wp-json\/wp\/v2\/posts\/517\/revisions"}],"predecessor-version":[{"id":1880,"href":"https:\/\/pierrejean.com\/atable\/wp-json\/wp\/v2\/posts\/517\/revisions\/1880"}],"wp:featuredmedia":[{"embeddable":true,"href":"https:\/\/pierrejean.com\/atable\/wp-json\/wp\/v2\/media\/518"}],"wp:attachment":[{"href":"https:\/\/pierrejean.com\/atable\/wp-json\/wp\/v2\/media?parent=517"}],"wp:term":[{"taxonomy":"category","embeddable":true,"href":"https:\/\/pierrejean.com\/atable\/wp-json\/wp\/v2\/categories?post=517"},{"taxonomy":"post_tag","embeddable":true,"href":"https:\/\/pierrejean.com\/atable\/wp-json\/wp\/v2\/tags?post=517"}],"curies":[{"name":"wp","href":"https:\/\/api.w.org\/{rel}","templated":true}]}}