{"id":463,"date":"2012-03-25T08:10:32","date_gmt":"2012-03-25T12:10:32","guid":{"rendered":"http:\/\/pierrejean.com\/?p=463"},"modified":"2020-03-14T14:53:15","modified_gmt":"2020-03-14T18:53:15","slug":"pate-en-tas","status":"publish","type":"post","link":"https:\/\/pierrejean.com\/atable\/pate-en-tas\/","title":{"rendered":"P\u00e2te en tas"},"content":{"rendered":"<p>Qu&#8217;est-ce que je raconte\u2009? La v\u00e9rit\u00e9 vraie ou la v\u00e9rit\u00e9 crue? Pas le \u00abcrue\u00bb de pas cuite, le \u00abcrue\u00bb de croire ou faire croire.<\/p>\n<p>Est-ce que vous voulez croire \u00e0 mon g\u00e9nie inn\u00e9 de la chimie alimentaire (figure de style) ou \u00a0\u00e0 la dure r\u00e9alit\u00e9 de la cuisine?<\/p>\n<p>Est-ce que vous pensez que, fort de mes p\u00e2tes \u00e0 tarte, mes p\u00e2tes \u00e0 g\u00e2teaux, mes p\u00e2tes bris\u00e9es, mes p\u00e2tes sabl\u00e9es, mes p\u00e2tes minutes, au robot, \u00e0 la main, \u00e0 l&#8217;amande, au sel, au sucre, au beurre, au sarrasin, au bl\u00e9 dur, au bl\u00e9 mou, le succ\u00e8s \u00e9tait assur\u00e9? Vous croyiez que j&#8217;allais obtenir la p\u00e2te \u00e0 p\u00e2tes id\u00e9ale. Vous croyez que j&#8217;ai r\u00e9ussi. Vous voulez croire! Vous vous attendiez \u00e0 une jolie histoire, un op\u00e9ra, un air \u00e0 la mode, une petite musique douce, une historiette, une berceuse. Vous attendiez le \u00ab happy end \u00bb \u00e0 l&#8217;am\u00e9ricaine. Vous n&#8217;attendez m\u00eame pas, vous \u00eates s\u00fbrs. Vous vous demandez : o\u00f9 cela pourrait-il donc clocher? Quelle est donc la difficult\u00e9? C&#8217;est une \u00e9tape facile! C&#8217;est Paris-Bordeaux \u00e0 v\u00e9lo. Ce n&#8217;est pas l&#8217;enfer des pav\u00e9s.\u00a0On n&#8217;est pas dans les Pyr\u00e9n\u00e9es.\u00a0Il n&#8217;y a pas de col \u00e0 franchir. Ce n&#8217;est pas le Tourmalet. On enclenche le petit braquet et on mouline. On est dans le peloton. Il n&#8217;y a besoin de s&#8217;\u00e9chapper. Allez! Hop! Hop! Hop!<\/p>\n<p>\u0152ufs, farine, sel, p\u00e9trir, laminer, d\u00e9couper, cuire.<\/p>\n<p>7 mots! La recette la plus courte du monde. Et encore, elle comprend les ingr\u00e9dients ET le modus operandi. Avec les quantit\u00e9s, on arrive \u00e0 10 mots.<\/p>\n<p>3 \u0153ufs, 300 g farine, 3 g sel, p\u00e9trir, laminer, d\u00e9couper, cuire.<\/p>\n<p>On a eu la recette \u00e0 2.5 maintenant c&#8217;est la recette \u00e0 trois 3\u2009!<\/p>\n<p>O\u00f9 est le probl\u00e8me? Pas besoin de se mettre en danseuse! Pas besoin de mettre son tutu rose du meilleur grimpeur.<\/p>\n<p>Voil\u00e0, vous \u00eates rassur\u00e9s. Vous vous dites : il minimise l&#8217;exploit. Il cache les photos pour mieux nous \u00e9baudir \u00e0 la derni\u00e8re minute. Il fait du roman. Il invente des p\u00e9rip\u00e9ties \u00e0 un conte qui n&#8217;en a pas besoin, pire encore, qui n&#8217;en avait pas.<\/p>\n<p>Eh bien, bonnes gens, d\u00e9trompez-vous. Venez entendre la mis\u00e9rable aventure que votre h\u00e9ros a subie dans sa qu\u00eate de la p\u00e2te \u00e0 p\u00e2tes. Venez ou\u00efr les avanies, les humiliations, les vexations, les outrages qu&#8217;il a endur\u00e9s dans son apprentissage du spaghetti parfait. Apprenez comment l&#8217;\u00e9pist\u00e9m\u00e9 de la nouille s&#8217;est d\u00e9sagr\u00e9g\u00e9e \u00e0 son approche, le laissant \u00e9cartel\u00e9 entre farine et \u0153ufs. Oyez comment toutes les dures exp\u00e9riences, acquises dans de longues incursions aux pays des cornes de gazelle, n&#8217;ont pu le pr\u00e9munir du d\u00e9sarroi de la tagliatelle.<\/p>\n<p>Tout a commenc\u00e9 b\u00eatement : un saladier, de la farine, du sel et des \u0153ufs. Je touille et la p\u00e2te semble vouloir ob\u00e9ir. Elle forme les premiers amas, elle\u00a0s&#8217;amalgame, elle s&#8217;agglom\u00e8re, elle s&#8217;agglutine. Mais d&#8217;un seul coup, il n&#8217;y a plus rien \u00e0 faire. C&#8217;est la p\u00e2te folle. Elle rejette. Elle \u00e9carte. Elle refuse. Il en reste trop sur les bords. Une cuiller\u00e9e d&#8217;huile, une cuiller\u00e9e d&#8217;eau et le tout rentre dans l&#8217;ordre. Ah non, il en reste encore sur les c\u00f4t\u00e9s. Des ast\u00e9ro\u00efdes orbitent autour de la plan\u00e8te m\u00e8re. L&#8217;accr\u00e9tion n&#8217;est pas totale! Qu&#8217;\u00e0 cela ne tienne, encore un peu d&#8217;eau. Il y a bien un peu de farine coll\u00e9e sur les parois du creuset originel. Allez encore plus d&#8217;eau pour ne rien perdre de ces bons ingr\u00e9dients: de la farine en provenance directe d&#8217;Italie, typo \u00ab00\u00bb, des \u0153ufs enrichis en om\u00e9ga 3, il ne faut pas en perdre. Voil\u00e0, la boule est pr\u00eate. Elle colle un peu aux doigts. Un peu de farine va r\u00e9gler \u00e7a. Non, elle adh\u00e8re toujours. L\u00e9g\u00e8rement, mais cela ne devrait pas \u00eatre id\u00e9al pour le laminoir. Encore un peu de farine. P\u00e9trissage. Farinage. Malaxage. Farinage. Triturage. Farinage. Qui a pris en note les quantit\u00e9s\u2009?<\/p>\n<p>La recette dit : laisser reposer une demi-heure. C&#8217;est l&#8217;\u00e9tape, le repos m\u00e9rit\u00e9 de part et d&#8217;autre.<\/p>\n<p><a href=\"https:\/\/pierrejean.com\/atable\/pate-en-tas\/img_0909\/\" rel=\"attachment wp-att-464\"><img loading=\"lazy\" decoding=\"async\" data-attachment-id=\"464\" data-permalink=\"https:\/\/pierrejean.com\/atable\/pate-en-tas\/img_0909\/\" data-orig-file=\"https:\/\/pierrejean.com\/atable\/wp-content\/uploads\/2012\/03\/IMG_0909.jpg\" data-orig-size=\"1080,1440\" data-comments-opened=\"1\" data-image-meta=\"{&quot;aperture&quot;:&quot;0&quot;,&quot;credit&quot;:&quot;&quot;,&quot;camera&quot;:&quot;&quot;,&quot;caption&quot;:&quot;&quot;,&quot;created_timestamp&quot;:&quot;0&quot;,&quot;copyright&quot;:&quot;&quot;,&quot;focal_length&quot;:&quot;0&quot;,&quot;iso&quot;:&quot;0&quot;,&quot;shutter_speed&quot;:&quot;0&quot;,&quot;title&quot;:&quot;&quot;}\" data-image-title=\"p\u00e2tes laminage\" data-image-description=\"\" data-image-caption=\"\" data-large-file=\"https:\/\/pierrejean.com\/atable\/wp-content\/uploads\/2012\/03\/IMG_0909-525x700.jpg\" class=\"alignright size-medium wp-image-464\" title=\"p\u00e2tes laminage\" src=\"http:\/\/pierrejean.com\/atable\/wp-content\/uploads\/2012\/03\/IMG_0909-337x450.jpg\" alt=\"\" width=\"337\" height=\"450\" srcset=\"https:\/\/pierrejean.com\/atable\/wp-content\/uploads\/2012\/03\/IMG_0909-337x450.jpg 337w, https:\/\/pierrejean.com\/atable\/wp-content\/uploads\/2012\/03\/IMG_0909-525x700.jpg 525w, https:\/\/pierrejean.com\/atable\/wp-content\/uploads\/2012\/03\/IMG_0909.jpg 1080w\" sizes=\"auto, (max-width: 337px) 100vw, 337px\" \/><\/a><\/p>\n<p>Retour \u00e0 l&#8217;\u00e9tabli. La p\u00e2te ne colle pas, elle a une belle apparence, comme une certaine voiture de bonne m\u00e9moire.<\/p>\n<p>Le laminage se passe bien, mais il faut le faire \u00e0 quatre mains parce que la l\u00e9g\u00e8re adh\u00e9rence d\u00e9range.<\/p>\n<p>Et maintenant, la segmentation finale. Mis\u00e8re et d\u00e9solation, une belle langue de p\u00e2te stri\u00e9e! C&#8217;est joli, on dirait un canevas de p\u00e2te en long, et non un pantalon de canevas. Mais de spaghettis que nenni!<\/p>\n<p>Pour dire la v\u00e9rit\u00e9 plus crue encore, on dirait les r\u00e9surgences de vers marins \u00e0 mar\u00e9e basse\u2009! Vous savez, ces petits tas de vermicelles de sable en partie d\u00e9sagr\u00e9g\u00e9s qui surgissent de la fine couche d&#8217;eau en avant de la mar\u00e9e qui remonte. Pouah! Je vous l&#8217;avais dit que l&#8217;histoire \u00e9tait terrible.<\/p>\n<p>J&#8217;ai d\u00fb laminer trop fin. Essayons plus \u00e9pais. Num\u00e9ro \u00abquattro\u00bb.<\/p>\n<p>De peur de r\u00e9it\u00e9rer la vision d&#8217;horreur, cette fois, ce sera les tagliatelles. Apr\u00e8s le canevas, ce sont les canisses, mais de p\u00e2tes aucune.<\/p>\n<p>Patatras! C&#8217;est le potentat de la p\u00e2te en tas! <span style=\"font-size: small;\"><em>Tout \u00e7a pour \u00e7a!<\/em><\/span><\/p>\n<p>On en fait quand m\u00eame plusieurs longueurs, mais rien n\u2019y fait, la liaison est trop parfaite et \u00abmal-t-appropri\u00e9e\u00bb.<\/p>\n<p>On ne va pas se laisser faire par un peu de p\u00e2te quand m\u00eame. La petite soutient que la p\u00e2te \u00e9tait raide, presque rigide sur YouTube, l&#8217;Encyclopaedia Universalis de la jeunesse d&#8217;aujourd&#8217;hui. Ah, qu&#8217;avons-nous perdu les tranches reli\u00e9es de blanc et de bleu! Pas de sentimentalisme archa\u00efque, justement les tranches sont bien trop reli\u00e9es et il faut y rem\u00e9dier. Force farinage et malaxage sont les mamelles de la s\u00e9paration de la tagliatelle et du spaghetti.<\/p>\n<p><a href=\"https:\/\/pierrejean.com\/atable\/pate-en-tas\/img_0910\/\" rel=\"attachment wp-att-465\"><img loading=\"lazy\" decoding=\"async\" data-attachment-id=\"465\" data-permalink=\"https:\/\/pierrejean.com\/atable\/pate-en-tas\/img_0910\/\" data-orig-file=\"https:\/\/pierrejean.com\/atable\/wp-content\/uploads\/2012\/03\/IMG_0910.jpg\" data-orig-size=\"1440,1080\" data-comments-opened=\"1\" data-image-meta=\"{&quot;aperture&quot;:&quot;0&quot;,&quot;credit&quot;:&quot;&quot;,&quot;camera&quot;:&quot;&quot;,&quot;caption&quot;:&quot;&quot;,&quot;created_timestamp&quot;:&quot;0&quot;,&quot;copyright&quot;:&quot;&quot;,&quot;focal_length&quot;:&quot;0&quot;,&quot;iso&quot;:&quot;0&quot;,&quot;shutter_speed&quot;:&quot;0&quot;,&quot;title&quot;:&quot;&quot;}\" data-image-title=\"p\u00e2tes coup\u00e9es\" data-image-description=\"\" data-image-caption=\"\" data-large-file=\"https:\/\/pierrejean.com\/atable\/wp-content\/uploads\/2012\/03\/IMG_0910-600x450.jpg\" class=\"alignleft size-medium wp-image-465\" title=\"p\u00e2tes coup\u00e9es\" src=\"http:\/\/pierrejean.com\/atable\/wp-content\/uploads\/2012\/03\/IMG_0910-350x262.jpg\" alt=\"\" width=\"350\" height=\"262\" srcset=\"https:\/\/pierrejean.com\/atable\/wp-content\/uploads\/2012\/03\/IMG_0910-350x262.jpg 350w, https:\/\/pierrejean.com\/atable\/wp-content\/uploads\/2012\/03\/IMG_0910-600x450.jpg 600w, https:\/\/pierrejean.com\/atable\/wp-content\/uploads\/2012\/03\/IMG_0910.jpg 1440w\" sizes=\"auto, (max-width: 350px) 100vw, 350px\" \/><\/a><\/p>\n<p>Finalement, la p\u00e2te obtient une texture idoine et les p\u00e2tes se coupent comme par enchantement.<\/p>\n<p>Les avis sont partag\u00e9s, s\u00e9cher ou ne pas s\u00e9cher.<\/p>\n<p>Les activit\u00e9s de chacun en d\u00e9cident d&#8217;elles-m\u00eames. S\u00e9chage il y aura.<\/p>\n<p>De retour, quelques heures plus tard, les p\u00e2tes semblent parfaites. J&#8217;avais bien un peu peur de retrouver les \u0153ufs d&#8217;un c\u00f4t\u00e9, la farine de l&#8217;autre et au milieu le sel en un petit tas, pas tentant.<\/p>\n<p>L&#8217;\u00e9pilogue est court: 7 minutes \u00e0 l&#8217;eau bouillante, beurre, comt\u00e9 r\u00e2p\u00e9.<\/p>\n<p>D\u00e9lectable! Gastronomique, ce sera la prochaine fois.<\/p>\n<p>\u00c0 table!<\/p>\n<h6>&gt;&gt;&gt;&gt;&gt; <a href=\"http:\/\/pierrejean.com\/atable\/?page_id=482\">recette<\/a><\/h6>\n<p style=\"text-align: center;\"><a href=\"https:\/\/pierrejean.com\/atable\/pate-en-tas\/img_0922\/\" rel=\"attachment wp-att-466\"><img loading=\"lazy\" decoding=\"async\" data-attachment-id=\"466\" data-permalink=\"https:\/\/pierrejean.com\/atable\/pate-en-tas\/img_0922\/\" data-orig-file=\"https:\/\/pierrejean.com\/atable\/wp-content\/uploads\/2012\/03\/IMG_0922.jpg\" data-orig-size=\"1440,1080\" data-comments-opened=\"1\" data-image-meta=\"{&quot;aperture&quot;:&quot;0&quot;,&quot;credit&quot;:&quot;&quot;,&quot;camera&quot;:&quot;&quot;,&quot;caption&quot;:&quot;&quot;,&quot;created_timestamp&quot;:&quot;0&quot;,&quot;copyright&quot;:&quot;&quot;,&quot;focal_length&quot;:&quot;0&quot;,&quot;iso&quot;:&quot;0&quot;,&quot;shutter_speed&quot;:&quot;0&quot;,&quot;title&quot;:&quot;&quot;}\" data-image-title=\"p\u00e2te, beurre et comt\u00e9\" data-image-description=\"\" data-image-caption=\"\" data-large-file=\"https:\/\/pierrejean.com\/atable\/wp-content\/uploads\/2012\/03\/IMG_0922-600x450.jpg\" class=\"size-large wp-image-466 aligncenter\" title=\"p\u00e2te, beurre et comt\u00e9\" src=\"http:\/\/pierrejean.com\/atable\/wp-content\/uploads\/2012\/03\/IMG_0922-600x450.jpg\" alt=\"\" width=\"600\" height=\"450\" srcset=\"https:\/\/pierrejean.com\/atable\/wp-content\/uploads\/2012\/03\/IMG_0922-600x450.jpg 600w, https:\/\/pierrejean.com\/atable\/wp-content\/uploads\/2012\/03\/IMG_0922-350x262.jpg 350w, https:\/\/pierrejean.com\/atable\/wp-content\/uploads\/2012\/03\/IMG_0922.jpg 1440w\" sizes=\"auto, (max-width: 600px) 100vw, 600px\" \/><\/a><\/p>\n<p>&nbsp;<\/p>\n","protected":false},"excerpt":{"rendered":"<p>Qu&#8217;est-ce que je raconte\u2009? La v\u00e9rit\u00e9 vraie ou la v\u00e9rit\u00e9 crue? Pas le \u00abcrue\u00bb de pas cuite, le \u00abcrue\u00bb de croire ou faire croire. Est-ce que vous voulez croire \u00e0 mon g\u00e9nie inn\u00e9 de la chimie alimentaire (figure de style) ou \u00a0\u00e0 la dure r\u00e9alit\u00e9&nbsp;<a class=\"read-more\" href=\"https:\/\/pierrejean.com\/atable\/pate-en-tas\/\">&hellip;<\/a><\/p>\n","protected":false},"author":1,"featured_media":466,"comment_status":"open","ping_status":"closed","sticky":false,"template":"","format":"standard","meta":{"editor_plus_copied_stylings":"{}","_jetpack_memberships_contains_paid_content":false,"footnotes":"","jetpack_publicize_message":"","jetpack_publicize_feature_enabled":true,"jetpack_social_post_already_shared":false,"jetpack_social_options":{"image_generator_settings":{"template":"highway","default_image_id":0,"font":"","enabled":false},"version":2}},"categories":[170,4],"tags":[58],"class_list":["post-463","post","type-post","status-publish","format-standard","has-post-thumbnail","hentry","category-editorial","category-pates","tag-tagliatelle"],"jetpack_publicize_connections":[],"jetpack_featured_media_url":"https:\/\/pierrejean.com\/atable\/wp-content\/uploads\/2012\/03\/IMG_0922.jpg","jetpack_sharing_enabled":true,"jetpack_shortlink":"https:\/\/wp.me\/pbxdSo-7t","_links":{"self":[{"href":"https:\/\/pierrejean.com\/atable\/wp-json\/wp\/v2\/posts\/463","targetHints":{"allow":["GET"]}}],"collection":[{"href":"https:\/\/pierrejean.com\/atable\/wp-json\/wp\/v2\/posts"}],"about":[{"href":"https:\/\/pierrejean.com\/atable\/wp-json\/wp\/v2\/types\/post"}],"author":[{"embeddable":true,"href":"https:\/\/pierrejean.com\/atable\/wp-json\/wp\/v2\/users\/1"}],"replies":[{"embeddable":true,"href":"https:\/\/pierrejean.com\/atable\/wp-json\/wp\/v2\/comments?post=463"}],"version-history":[{"count":22,"href":"https:\/\/pierrejean.com\/atable\/wp-json\/wp\/v2\/posts\/463\/revisions"}],"predecessor-version":[{"id":1885,"href":"https:\/\/pierrejean.com\/atable\/wp-json\/wp\/v2\/posts\/463\/revisions\/1885"}],"wp:featuredmedia":[{"embeddable":true,"href":"https:\/\/pierrejean.com\/atable\/wp-json\/wp\/v2\/media\/466"}],"wp:attachment":[{"href":"https:\/\/pierrejean.com\/atable\/wp-json\/wp\/v2\/media?parent=463"}],"wp:term":[{"taxonomy":"category","embeddable":true,"href":"https:\/\/pierrejean.com\/atable\/wp-json\/wp\/v2\/categories?post=463"},{"taxonomy":"post_tag","embeddable":true,"href":"https:\/\/pierrejean.com\/atable\/wp-json\/wp\/v2\/tags?post=463"}],"curies":[{"name":"wp","href":"https:\/\/api.w.org\/{rel}","templated":true}]}}