{"id":2935,"date":"2022-11-29T22:01:05","date_gmt":"2022-11-30T03:01:05","guid":{"rendered":"https:\/\/pierrejean.com\/atable\/?p=2935"},"modified":"2022-12-02T04:34:45","modified_gmt":"2022-12-02T09:34:45","slug":"bredelle-a-lanis","status":"publish","type":"post","link":"https:\/\/pierrejean.com\/atable\/bredelle-a-lanis\/","title":{"rendered":"Bredelles \u00e0 l\u2019anis"},"content":{"rendered":"<div class=\"wp-block-image is-style-blob-8\">\n<figure class=\"alignright size-large eplus-wrapper\"><img loading=\"lazy\" decoding=\"async\" width=\"525\" height=\"700\" data-attachment-id=\"2938\" data-permalink=\"https:\/\/pierrejean.com\/atable\/bredelle-a-lanis\/img_6917\/\" data-orig-file=\"https:\/\/pierrejean.com\/atable\/wp-content\/uploads\/2022\/11\/IMG_6917.jpeg\" data-orig-size=\"1000,1333\" data-comments-opened=\"0\" data-image-meta=\"{&quot;aperture&quot;:&quot;1.5&quot;,&quot;credit&quot;:&quot;&quot;,&quot;camera&quot;:&quot;iPhone 13 Pro&quot;,&quot;caption&quot;:&quot;&quot;,&quot;created_timestamp&quot;:&quot;1669828905&quot;,&quot;copyright&quot;:&quot;&quot;,&quot;focal_length&quot;:&quot;5.7&quot;,&quot;iso&quot;:&quot;160&quot;,&quot;shutter_speed&quot;:&quot;0.016666666666667&quot;,&quot;title&quot;:&quot;&quot;,&quot;orientation&quot;:&quot;1&quot;}\" data-image-title=\"IMG_6917\" data-image-description=\"\" data-image-caption=\"\" data-large-file=\"https:\/\/pierrejean.com\/atable\/wp-content\/uploads\/2022\/11\/IMG_6917-525x700.jpeg\" src=\"https:\/\/pierrejean.com\/atable\/wp-content\/uploads\/2022\/11\/IMG_6917-525x700.jpeg\" alt=\"\" class=\"wp-image-2938\" srcset=\"https:\/\/pierrejean.com\/atable\/wp-content\/uploads\/2022\/11\/IMG_6917-525x700.jpeg 525w, https:\/\/pierrejean.com\/atable\/wp-content\/uploads\/2022\/11\/IMG_6917-338x450.jpeg 338w, https:\/\/pierrejean.com\/atable\/wp-content\/uploads\/2022\/11\/IMG_6917-768x1024.jpeg 768w, https:\/\/pierrejean.com\/atable\/wp-content\/uploads\/2022\/11\/IMG_6917.jpeg 1000w\" sizes=\"auto, (max-width: 525px) 100vw, 525px\" \/><\/figure><\/div>\n\n\n<h2 class=\"eplus-wrapper wp-block-heading\">Ingr\u00e9dients<\/h2>\n\n\n<ul class=\"eplus-wrapper wp-block-list eplus-styles-uid-751913\">\n<li class=\" eplus-wrapper\">2 \u0153ufs<\/li>\n\n\n\n<li class=\" eplus-wrapper\">170 g de sucre<\/li>\n\n\n\n<li class=\" eplus-wrapper\">10 g de poudre d&#8217;anis<\/li>\n\n\n\n<li class=\" eplus-wrapper\">180 g de farine<\/li>\n<\/ul>\n\n\n<h2 class=\"eplus-wrapper wp-block-heading\">Recette<\/h2>\n\n\n<ol class=\"eplus-wrapper wp-block-list eplus-styles-uid-f1100b\">\n<li class=\" eplus-wrapper\">Fouettez au robot les \u0153ufs avec le sucre pendant 10 minutes.<\/li>\n\n\n\n<li class=\" eplus-wrapper\">Ajoutez l&#8217;anis puis la farine, m\u00e9langez rapidement.<\/li>\n\n\n\n<li class=\" eplus-wrapper\">\u00c0 l&#8217;aide d&#8217;une poche munie d&#8217;une douille de 8 mm, dressez des petits tas de 2 cm de diam\u00e8tre sur une plaque<\/li>\n\n\n\n<li class=\" eplus-wrapper\">Laissez s\u00e9cher jusqu&#8217;\u00e0 ce qu&#8217;il y ait formation d&#8217;une cro\u00fbte, cela prend environ 6 heures, mais le mieux est de laisser reposer une nuit dans le four \u00e9teint. <\/li>\n\n\n\n<li class=\" eplus-wrapper\">Mettez au four 10 minutes \u00e0 180 \u00b0C (th. 6).<\/li>\n<\/ol>","protected":false},"excerpt":{"rendered":"<p>Ingr\u00e9dients Recette<\/p>\n","protected":false},"author":1,"featured_media":2938,"comment_status":"closed","ping_status":"closed","sticky":false,"template":"","format":"standard","meta":{"editor_plus_copied_stylings":"{}","_jetpack_memberships_contains_paid_content":false,"footnotes":"","jetpack_publicize_message":"","jetpack_publicize_feature_enabled":true,"jetpack_social_post_already_shared":false,"jetpack_social_options":{"image_generator_settings":{"template":"highway","default_image_id":0,"font":"","enabled":false},"version":2}},"categories":[173,176,169],"tags":[],"class_list":["post-2935","post","type-post","status-publish","format-standard","has-post-thumbnail","hentry","category-biscuits","category-petits-gouters","category-recette"],"jetpack_publicize_connections":[],"jetpack_featured_media_url":"https:\/\/pierrejean.com\/atable\/wp-content\/uploads\/2022\/11\/IMG_6917.jpeg","jetpack_sharing_enabled":true,"jetpack_shortlink":"https:\/\/wp.me\/pbxdSo-Ll","_links":{"self":[{"href":"https:\/\/pierrejean.com\/atable\/wp-json\/wp\/v2\/posts\/2935","targetHints":{"allow":["GET"]}}],"collection":[{"href":"https:\/\/pierrejean.com\/atable\/wp-json\/wp\/v2\/posts"}],"about":[{"href":"https:\/\/pierrejean.com\/atable\/wp-json\/wp\/v2\/types\/post"}],"author":[{"embeddable":true,"href":"https:\/\/pierrejean.com\/atable\/wp-json\/wp\/v2\/users\/1"}],"replies":[{"embeddable":true,"href":"https:\/\/pierrejean.com\/atable\/wp-json\/wp\/v2\/comments?post=2935"}],"version-history":[{"count":6,"href":"https:\/\/pierrejean.com\/atable\/wp-json\/wp\/v2\/posts\/2935\/revisions"}],"predecessor-version":[{"id":2943,"href":"https:\/\/pierrejean.com\/atable\/wp-json\/wp\/v2\/posts\/2935\/revisions\/2943"}],"wp:featuredmedia":[{"embeddable":true,"href":"https:\/\/pierrejean.com\/atable\/wp-json\/wp\/v2\/media\/2938"}],"wp:attachment":[{"href":"https:\/\/pierrejean.com\/atable\/wp-json\/wp\/v2\/media?parent=2935"}],"wp:term":[{"taxonomy":"category","embeddable":true,"href":"https:\/\/pierrejean.com\/atable\/wp-json\/wp\/v2\/categories?post=2935"},{"taxonomy":"post_tag","embeddable":true,"href":"https:\/\/pierrejean.com\/atable\/wp-json\/wp\/v2\/tags?post=2935"}],"curies":[{"name":"wp","href":"https:\/\/api.w.org\/{rel}","templated":true}]}}