{"id":2536,"date":"2021-07-18T19:53:18","date_gmt":"2021-07-18T23:53:18","guid":{"rendered":"https:\/\/pierrejean.com\/atable\/?p=2536"},"modified":"2023-02-21T14:56:19","modified_gmt":"2023-02-21T19:56:19","slug":"eclairs","status":"publish","type":"post","link":"https:\/\/pierrejean.com\/atable\/eclairs\/","title":{"rendered":"\u00c9clairs"},"content":{"rendered":"\n<p class=\" eplus-wrapper\"><em>r\u00e9vision du 29 d\u00e9cembre 2021<\/em><\/p>\n\n\n<div class=\"wp-block-image\">\n<figure class=\"alignright size-large eplus-wrapper\"><img loading=\"lazy\" decoding=\"async\" width=\"525\" height=\"700\" data-attachment-id=\"2725\" data-permalink=\"https:\/\/pierrejean.com\/atable\/eclairs\/img_5417\/\" data-orig-file=\"https:\/\/pierrejean.com\/atable\/wp-content\/uploads\/2021\/12\/IMG_5417.png\" data-orig-size=\"600,800\" data-comments-opened=\"0\" data-image-meta=\"{&quot;aperture&quot;:&quot;0&quot;,&quot;credit&quot;:&quot;&quot;,&quot;camera&quot;:&quot;&quot;,&quot;caption&quot;:&quot;&quot;,&quot;created_timestamp&quot;:&quot;0&quot;,&quot;copyright&quot;:&quot;&quot;,&quot;focal_length&quot;:&quot;0&quot;,&quot;iso&quot;:&quot;0&quot;,&quot;shutter_speed&quot;:&quot;0&quot;,&quot;title&quot;:&quot;&quot;,&quot;orientation&quot;:&quot;0&quot;}\" data-image-title=\"IMG_5417\" data-image-description=\"\" data-image-caption=\"\" data-large-file=\"https:\/\/pierrejean.com\/atable\/wp-content\/uploads\/2021\/12\/IMG_5417-525x700.png\" src=\"https:\/\/pierrejean.com\/atable\/wp-content\/uploads\/2021\/12\/IMG_5417-525x700.png\" alt=\"\" class=\"wp-image-2725\" srcset=\"https:\/\/pierrejean.com\/atable\/wp-content\/uploads\/2021\/12\/IMG_5417-525x700.png 525w, https:\/\/pierrejean.com\/atable\/wp-content\/uploads\/2021\/12\/IMG_5417-338x450.png 338w, https:\/\/pierrejean.com\/atable\/wp-content\/uploads\/2021\/12\/IMG_5417.png 600w\" sizes=\"auto, (max-width: 525px) 100vw, 525px\" \/><\/figure><\/div>\n\n<div class=\"wp-block-image is-style-default\">\n<figure class=\"alignright size-medium eplus-wrapper\"><img loading=\"lazy\" decoding=\"async\" width=\"350\" height=\"263\" data-attachment-id=\"2724\" data-permalink=\"https:\/\/pierrejean.com\/atable\/eclairs\/img_5406\/\" data-orig-file=\"https:\/\/pierrejean.com\/atable\/wp-content\/uploads\/2021\/12\/IMG_5406.png\" data-orig-size=\"800,600\" data-comments-opened=\"0\" data-image-meta=\"{&quot;aperture&quot;:&quot;0&quot;,&quot;credit&quot;:&quot;&quot;,&quot;camera&quot;:&quot;&quot;,&quot;caption&quot;:&quot;&quot;,&quot;created_timestamp&quot;:&quot;0&quot;,&quot;copyright&quot;:&quot;&quot;,&quot;focal_length&quot;:&quot;0&quot;,&quot;iso&quot;:&quot;0&quot;,&quot;shutter_speed&quot;:&quot;0&quot;,&quot;title&quot;:&quot;&quot;,&quot;orientation&quot;:&quot;0&quot;}\" data-image-title=\"IMG_5406\" data-image-description=\"\" data-image-caption=\"\" data-large-file=\"https:\/\/pierrejean.com\/atable\/wp-content\/uploads\/2021\/12\/IMG_5406-600x450.png\" src=\"https:\/\/pierrejean.com\/atable\/wp-content\/uploads\/2021\/12\/IMG_5406-350x263.png\" alt=\"\" class=\"wp-image-2724\" srcset=\"https:\/\/pierrejean.com\/atable\/wp-content\/uploads\/2021\/12\/IMG_5406-350x263.png 350w, https:\/\/pierrejean.com\/atable\/wp-content\/uploads\/2021\/12\/IMG_5406-600x450.png 600w, https:\/\/pierrejean.com\/atable\/wp-content\/uploads\/2021\/12\/IMG_5406-768x576.png 768w, https:\/\/pierrejean.com\/atable\/wp-content\/uploads\/2021\/12\/IMG_5406.png 800w\" sizes=\"auto, (max-width: 350px) 100vw, 350px\" \/><\/figure><\/div>\n\n\n<h2 class=\"eplus-wrapper wp-block-heading\">Ingr\u00e9dients pour la p\u00e2te \u00e0 choux (12 \u00e9clairs)<\/h2>\n\n\n<ul class=\"eplus-wrapper wp-block-list eplus-styles-uid-1082f8\">\n<li class=\" eplus-wrapper\">125g d&#8217;eau<\/li>\n\n\n\n<li class=\" eplus-wrapper\">125 g de lait +15g max pour allonger<\/li>\n\n\n\n<li class=\" eplus-wrapper\">115 g de beurre<\/li>\n\n\n\n<li class=\" eplus-wrapper\">125 g de farine<\/li>\n\n\n\n<li class=\" eplus-wrapper\">210 g d&#8217;oeuf (4)<\/li>\n\n\n\n<li class=\" eplus-wrapper\">4 g de sucre<\/li>\n\n\n\n<li class=\" eplus-wrapper\">2 g de sel<\/li>\n<\/ul>\n\n\n<h2 class=\"eplus-wrapper wp-block-heading\">Recette<\/h2>\n\n\n<ol class=\"eplus-wrapper wp-block-list eplus-styles-uid-16b38f\">\n<li class=\" eplus-wrapper\">chauffer l&#8217;eau, le lait, le sucre, le sel et le beurre iusqu&#8217;\u00e0 \u00e9bullition<\/li>\n\n\n\n<li class=\" eplus-wrapper\">arr\u00eater d\u00e8s que \u00e7a bout<\/li>\n\n\n\n<li class=\" eplus-wrapper\">hors du feu, mettre toute la farine et m\u00e9langer<\/li>\n\n\n\n<li class=\" eplus-wrapper\">quand c&#8217;est bien m\u00e9lang\u00e9, remettre sur feu doux et s\u00e9cher la panade jusqu&#8217;\u00e0 ce qu&#8217;elle fasse une masse qui se tienne quand on la fait bouger dans la casserole<\/li>\n\n\n\n<li class=\" eplus-wrapper\">mettre dans le batter avec la feuille et refroidir jusqu&#8217;\u00e0 50C<\/li>\n\n\n\n<li class=\" eplus-wrapper\">ajouter les oeufs en 3 ou 4 fois en deuxi\u00e8me vitesse la p\u00e2te doit faire des &#8216;voilages&#8217; avec le bord du bol<\/li>\n\n\n\n<li class=\" eplus-wrapper\">si c&#8217;est trop \u00e9pais on peut ajouter du lait<\/li>\n\n\n\n<li class=\" eplus-wrapper\">mettre dans la poche douille de 1cm et au frigo pour 1 heure (2h c&#8217;est trop longtemps)<\/li>\n\n\n\n<li class=\" eplus-wrapper\">cuire 35-38 minutes \u00e0 350F<\/li>\n<\/ol>\n\n\n<h2 class=\"eplus-wrapper wp-block-heading\">Ingr\u00e9dients pour la cr\u00e8me<\/h2>\n\n\n<ul class=\"eplus-wrapper wp-block-list eplus-styles-uid-c3eab0\">\n<li class=\" eplus-wrapper\">500 ml de lait entier<\/li>\n\n\n\n<li class=\" eplus-wrapper\">130 g de sucre<\/li>\n\n\n\n<li class=\" eplus-wrapper\">60g de ma\u00efzena<\/li>\n\n\n\n<li class=\" eplus-wrapper\">4 jaunes d&#8217;\u0153ufs<\/li>\n\n\n\n<li class=\" eplus-wrapper\">vanille<\/li>\n<\/ul>\n\n\n<h2 class=\"eplus-wrapper wp-block-heading\">Recette<\/h2>\n\n\n<ol class=\"eplus-wrapper wp-block-list eplus-styles-uid-2aec6a\">\n<li class=\" eplus-wrapper\">dans une casserole le lait, la moiti\u00e9 du sucre et la vanille<\/li>\n\n\n\n<li class=\" eplus-wrapper\">chauffer \u00e0 feu moyen<\/li>\n\n\n\n<li class=\" eplus-wrapper\">blanchir les jaunes avec le reste du sucre<\/li>\n\n\n\n<li class=\" eplus-wrapper\">ajouter ma\u00efzena et m\u00e9langer<\/li>\n\n\n\n<li class=\" eplus-wrapper\">ajouter la moiti\u00e9 du lait chaud<\/li>\n\n\n\n<li class=\" eplus-wrapper\">m\u00e9langer<\/li>\n\n\n\n<li class=\" eplus-wrapper\">remettre dans la casserole<\/li>\n\n\n\n<li class=\" eplus-wrapper\">\u00e9paissir<\/li>\n\n\n\n<li class=\" eplus-wrapper\">ajouter du chocolat en poudre ou de l\u2019extrait de caf\u00e9<\/li>\n\n\n\n<li class=\" eplus-wrapper\">mettre dans un saladier<\/li>\n\n\n\n<li class=\" eplus-wrapper\">filmer au contact<\/li>\n\n\n\n<li class=\" eplus-wrapper\">mettre au frigo pour refroidir<\/li>\n<\/ol>\n\n\n<h2 class=\"eplus-wrapper wp-block-heading\">Gla\u00e7age au chocolat<\/h2>\n\n\n<ul class=\"eplus-wrapper wp-block-list eplus-styles-uid-c5776e\">\n<li class=\" eplus-wrapper\">75 g de chocolat en pastille<\/li>\n\n\n\n<li class=\" eplus-wrapper\">75 g de sucre glace<\/li>\n<\/ul>\n\n<ol class=\"eplus-wrapper wp-block-list eplus-styles-uid-378fe9\">\n<li class=\" eplus-wrapper\">fondre le chocolat au bain marie<\/li>\n\n\n\n<li class=\" eplus-wrapper\">d\u00e9layer le sucre avec un peu d&#8217;eau<\/li>\n\n\n\n<li class=\" eplus-wrapper\">ajouter un peu de cr\u00e8me pour obtenir une texture lisse<\/li>\n<\/ol>\n\n\n<h2 class=\"eplus-wrapper wp-block-heading\">Gla\u00e7age au caf\u00e9<\/h2>\n\n\n<ul class=\"eplus-wrapper wp-block-list eplus-styles-uid-b3d67c\">\n<li class=\" eplus-wrapper\">75 g de sucre glace<\/li>\n\n\n\n<li class=\" eplus-wrapper\">4 cl d&#8217;eau<\/li>\n\n\n\n<li class=\" eplus-wrapper\">extrait de caf\u00e9 + caf\u00e9 soluble<\/li>\n<\/ul>\n\n<ol class=\"eplus-wrapper wp-block-list eplus-styles-uid-071250\">\n<li class=\" eplus-wrapper\">d\u00e9layer le sucre dans l&#8217;eau pour obtenir une p\u00e2te \u00e9paisse<\/li>\n\n\n\n<li class=\" eplus-wrapper\">ajouter le caf\u00e9<\/li>\n\n\n\n<li class=\" eplus-wrapper\">ajouter du sucre au besoin<\/li>\n<\/ol>\n\n\n<p class=\" eplus-wrapper\"><\/p>\n","protected":false},"excerpt":{"rendered":"<p>r\u00e9vision du 29 d\u00e9cembre 2021 Ingr\u00e9dients pour la p\u00e2te \u00e0 choux (12 \u00e9clairs) Recette Ingr\u00e9dients pour la cr\u00e8me Recette Gla\u00e7age au chocolat Gla\u00e7age au caf\u00e9<\/p>\n","protected":false},"author":1,"featured_media":2725,"comment_status":"closed","ping_status":"closed","sticky":false,"template":"","format":"standard","meta":{"editor_plus_copied_stylings":"{}","_jetpack_memberships_contains_paid_content":false,"footnotes":"","jetpack_publicize_message":"","jetpack_publicize_feature_enabled":true,"jetpack_social_post_already_shared":true,"jetpack_social_options":{"image_generator_settings":{"template":"highway","default_image_id":0,"font":"","enabled":false},"version":2}},"categories":[7,176,172,169],"tags":[],"class_list":["post-2536","post","type-post","status-publish","format-standard","has-post-thumbnail","hentry","category-dessert","category-petits-gouters","category-preferees","category-recette"],"jetpack_publicize_connections":[],"jetpack_featured_media_url":"https:\/\/pierrejean.com\/atable\/wp-content\/uploads\/2021\/12\/IMG_5417.png","jetpack_sharing_enabled":true,"jetpack_shortlink":"https:\/\/wp.me\/sbxdSo-eclairs","_links":{"self":[{"href":"https:\/\/pierrejean.com\/atable\/wp-json\/wp\/v2\/posts\/2536","targetHints":{"allow":["GET"]}}],"collection":[{"href":"https:\/\/pierrejean.com\/atable\/wp-json\/wp\/v2\/posts"}],"about":[{"href":"https:\/\/pierrejean.com\/atable\/wp-json\/wp\/v2\/types\/post"}],"author":[{"embeddable":true,"href":"https:\/\/pierrejean.com\/atable\/wp-json\/wp\/v2\/users\/1"}],"replies":[{"embeddable":true,"href":"https:\/\/pierrejean.com\/atable\/wp-json\/wp\/v2\/comments?post=2536"}],"version-history":[{"count":6,"href":"https:\/\/pierrejean.com\/atable\/wp-json\/wp\/v2\/posts\/2536\/revisions"}],"predecessor-version":[{"id":3009,"href":"https:\/\/pierrejean.com\/atable\/wp-json\/wp\/v2\/posts\/2536\/revisions\/3009"}],"wp:featuredmedia":[{"embeddable":true,"href":"https:\/\/pierrejean.com\/atable\/wp-json\/wp\/v2\/media\/2725"}],"wp:attachment":[{"href":"https:\/\/pierrejean.com\/atable\/wp-json\/wp\/v2\/media?parent=2536"}],"wp:term":[{"taxonomy":"category","embeddable":true,"href":"https:\/\/pierrejean.com\/atable\/wp-json\/wp\/v2\/categories?post=2536"},{"taxonomy":"post_tag","embeddable":true,"href":"https:\/\/pierrejean.com\/atable\/wp-json\/wp\/v2\/tags?post=2536"}],"curies":[{"name":"wp","href":"https:\/\/api.w.org\/{rel}","templated":true}]}}