{"id":1478,"date":"2013-05-22T05:32:17","date_gmt":"2013-05-22T09:32:17","guid":{"rendered":"http:\/\/pierrejean.com\/?p=1478"},"modified":"2020-03-14T09:10:07","modified_gmt":"2020-03-14T13:10:07","slug":"tarte-rebelle","status":"publish","type":"post","link":"https:\/\/pierrejean.com\/atable\/tarte-rebelle\/","title":{"rendered":"Tarte rebelle"},"content":{"rendered":"<p>Pas encore, une quiche aux poireaux!<\/p>\n<p>Ce soir, je fais le rebelle!<\/p>\n<p>Je rigole parce qu&#8217;on a un soi-disant cuisinier rebelle \u00e0 la t\u00e9l\u00e9 qui, pour attributs principaux, arbore des tatouages. Et ce sont ces &#8220;petits bonhommes&#8221; (sans le &#8216;s&#8217; central, comme les qu\u00e9b\u00e9cois appellent les dessins anim\u00e9s) qui font de lui un rebelle. Comme tout le monde est tatou\u00e9 maintenant, on est plus rebelle de ne pas l&#8217;\u00eatre que de l&#8217;\u00eatre.<\/p>\n<p>\u00c0 la boulangerie, il y a une jeune fille qui \u00e9tait &#8220;tr\u00e8s bien, comme il faut&#8221;, mignonne, gentille. Un jour, un papillon lui appara\u00eet sur le bras. Tr\u00e8s joli, le papillon, gracieux, \u00e9th\u00e9r\u00e9, d\u00e9licat, expertement dessin\u00e9, aux couleurs douces et franches. C&#8217;\u00e9tait bien la premi\u00e8re fois que je voyais un tatouage aussi color\u00e9 ou, plut\u00f4t, avec une utilisation aussi subtile de la couleur. Mais le papillon a pris ses aises, il est sorti de son cocon. Au d\u00e9but, il avait quelques feuilles pour se percher, mais bient\u00f4t le roncier au complet a pris la place sur tout le bras. Il a brout\u00e9 les cheveux, pour autant qu&#8217;un papillon puisse le faire, mais apr\u00e8s tout un papillon virtuel et \u00e9pidermique, \u00e7a doit avoir des capacit\u00e9s sp\u00e9ciales. Les cheveux ont subi le grand fauchage de la moissonneuse-batteuse, pour ne laisser qu&#8217;un cr\u00eate orange et hirsute. Puis, certainement pour mieux s&#8217;accrocher, de branche en branche, des anneaux sont apparus de-ci de-l\u00e0. D&#8217;un d\u00e9licat Botticelli, on en est arriv\u00e9 \u00e0 des graffitis envahissants. Pauvres parents!<\/p>\n<p>En attendant le cuisinier soi-disant rebelle n&#8217;est qu&#8217;un gros plouc qui croit avoir une particularit\u00e9 qu&#8217;il n&#8217;a pas. Pour ce qui est de sa cuisine, pour ce que j&#8217;en ai vu, il pourrait \u00eatre juste tatou\u00e9 cela serait suffisant.<\/p>\n<p>Cela dit, ce soir, j&#8217;ai d\u00e9cid\u00e9 de ne pas faire comme moi-m\u00eame. Je suis rebelle \u00e0 mes propres r\u00e9bellions.<\/p>\n<p>Je commence par jeter les tranches de carottes dans l&#8217;huile. J&#8217;ai bien commenc\u00e9 par \u00e9plucher les oignons mais ils attendront. Un sursaut d&#8217;habitude me surprend \u00e0 mettre un peu de raz-el-hanout, carottes et patates douces m\u00eame combat. Quand elles se sont bien attendries sur le gaz, j&#8217;ajoute les oignons. J&#8217;ai mis deux belles tomates dans l&#8217;eau chaude pour les peler. Je les ajoute en gros morceaux. Un peu de coriandre et deux petites courgettes viennent compl\u00e9ter. Je laisse revenir doucement.<\/p>\n<p>Pendant ce temps-l\u00e0, je fais de la p\u00e2te avec cette fois-ci de la farine d&#8217;avoine. J&#8217;aime \u00e7a, les farines avec un go\u00fbt. \u00c0 force de tests, je me suis rendu compte que, contrairement \u00e0 la farine de bl\u00e9, elles n&#8217;ont pas la m\u00eame capacit\u00e9 \u00e0 s&#8217;agglom\u00e9rer pour faire une p\u00e2te solide alors je coupe avec un peu de farine non blanchie. Habituellement, j&#8217;essaie 2\/3 de farine exotique pour 1\/3 de farine banale. Ensuite je p\u00e9tris \u00e0 la main et j&#8217;ajoute encore un peu de farine commune jusqu&#8217;\u00e0 obtention de la p\u00e2te id\u00e9ale.<\/p>\n<p>Finalement, comme je sais que ma garniture sera un peu &#8220;molle&#8221;, j&#8217;ajoute une petite cuill\u00e8re de f\u00e9cule de ma\u00efs \u00e0 mon appareil, de cr\u00e8me et d&#8217;oeufs, pour l&#8217;\u00e9paissir.<\/p>\n<p>Au final, tout le monde en a mang\u00e9 et s&#8217;est r\u00e9gal\u00e9, que demander de plus.<\/p>\n<p><a href=\"http:\/\/pierrejean.com\/atable\/wp-content\/uploads\/2013\/05\/photo-2-2.jpg\"><img loading=\"lazy\" decoding=\"async\" data-attachment-id=\"1468\" data-permalink=\"https:\/\/pierrejean.com\/atable\/gateau-danniversaire\/photo-2-2-2\/\" data-orig-file=\"https:\/\/pierrejean.com\/atable\/wp-content\/uploads\/2013\/05\/photo-2-2.jpg\" data-orig-size=\"1632,1224\" data-comments-opened=\"0\" data-image-meta=\"{&quot;aperture&quot;:&quot;0&quot;,&quot;credit&quot;:&quot;&quot;,&quot;camera&quot;:&quot;&quot;,&quot;caption&quot;:&quot;&quot;,&quot;created_timestamp&quot;:&quot;0&quot;,&quot;copyright&quot;:&quot;&quot;,&quot;focal_length&quot;:&quot;0&quot;,&quot;iso&quot;:&quot;0&quot;,&quot;shutter_speed&quot;:&quot;0&quot;,&quot;title&quot;:&quot;&quot;}\" data-image-title=\"tarte l\u00e9gumes\" data-image-description=\"\" data-image-caption=\"\" data-large-file=\"https:\/\/pierrejean.com\/atable\/wp-content\/uploads\/2013\/05\/photo-2-2-600x450.jpg\" class=\"aligncenter size-large wp-image-1468\" src=\"http:\/\/pierrejean.com\/atable\/wp-content\/uploads\/2013\/05\/photo-2-2-600x450.jpg\" alt=\"tarte l\u00e9gumes\" width=\"600\" height=\"450\" srcset=\"https:\/\/pierrejean.com\/atable\/wp-content\/uploads\/2013\/05\/photo-2-2-600x450.jpg 600w, https:\/\/pierrejean.com\/atable\/wp-content\/uploads\/2013\/05\/photo-2-2-350x262.jpg 350w, https:\/\/pierrejean.com\/atable\/wp-content\/uploads\/2013\/05\/photo-2-2.jpg 1632w\" sizes=\"auto, (max-width: 600px) 100vw, 600px\" \/><\/a><\/p>\n","protected":false},"excerpt":{"rendered":"<p>Pas encore, une quiche aux poireaux! Ce soir, je fais le rebelle! Je rigole parce qu&#8217;on a un soi-disant cuisinier rebelle \u00e0 la t\u00e9l\u00e9 qui, pour attributs principaux, arbore des tatouages. Et ce sont ces &#8220;petits bonhommes&#8221; (sans le &#8216;s&#8217; central, comme les qu\u00e9b\u00e9cois appellent&nbsp;<a class=\"read-more\" href=\"https:\/\/pierrejean.com\/atable\/tarte-rebelle\/\">&hellip;<\/a><\/p>\n","protected":false},"author":1,"featured_media":1466,"comment_status":"closed","ping_status":"closed","sticky":false,"template":"","format":"standard","meta":{"editor_plus_copied_stylings":"{}","_jetpack_memberships_contains_paid_content":false,"footnotes":"","jetpack_publicize_message":"","jetpack_publicize_feature_enabled":true,"jetpack_social_post_already_shared":true,"jetpack_social_options":{"image_generator_settings":{"template":"highway","default_image_id":0,"font":"","enabled":false},"version":2}},"categories":[170,13,8],"tags":[152,90],"class_list":["post-1478","post","type-post","status-publish","format-standard","has-post-thumbnail","hentry","category-editorial","category-legume","category-traditionnel","tag-jardiniere","tag-tarte"],"jetpack_publicize_connections":[],"jetpack_featured_media_url":"https:\/\/pierrejean.com\/atable\/wp-content\/uploads\/2013\/05\/photo-1-2.jpg","jetpack_sharing_enabled":true,"jetpack_shortlink":"https:\/\/wp.me\/pbxdSo-nQ","_links":{"self":[{"href":"https:\/\/pierrejean.com\/atable\/wp-json\/wp\/v2\/posts\/1478","targetHints":{"allow":["GET"]}}],"collection":[{"href":"https:\/\/pierrejean.com\/atable\/wp-json\/wp\/v2\/posts"}],"about":[{"href":"https:\/\/pierrejean.com\/atable\/wp-json\/wp\/v2\/types\/post"}],"author":[{"embeddable":true,"href":"https:\/\/pierrejean.com\/atable\/wp-json\/wp\/v2\/users\/1"}],"replies":[{"embeddable":true,"href":"https:\/\/pierrejean.com\/atable\/wp-json\/wp\/v2\/comments?post=1478"}],"version-history":[{"count":5,"href":"https:\/\/pierrejean.com\/atable\/wp-json\/wp\/v2\/posts\/1478\/revisions"}],"predecessor-version":[{"id":1733,"href":"https:\/\/pierrejean.com\/atable\/wp-json\/wp\/v2\/posts\/1478\/revisions\/1733"}],"wp:featuredmedia":[{"embeddable":true,"href":"https:\/\/pierrejean.com\/atable\/wp-json\/wp\/v2\/media\/1466"}],"wp:attachment":[{"href":"https:\/\/pierrejean.com\/atable\/wp-json\/wp\/v2\/media?parent=1478"}],"wp:term":[{"taxonomy":"category","embeddable":true,"href":"https:\/\/pierrejean.com\/atable\/wp-json\/wp\/v2\/categories?post=1478"},{"taxonomy":"post_tag","embeddable":true,"href":"https:\/\/pierrejean.com\/atable\/wp-json\/wp\/v2\/tags?post=1478"}],"curies":[{"name":"wp","href":"https:\/\/api.w.org\/{rel}","templated":true}]}}