{"id":1439,"date":"2013-05-06T17:06:14","date_gmt":"2013-05-06T21:06:14","guid":{"rendered":"http:\/\/pierrejean.com\/?p=1439"},"modified":"2020-03-14T09:13:56","modified_gmt":"2020-03-14T13:13:56","slug":"pain-aux-bananes-2","status":"publish","type":"post","link":"https:\/\/pierrejean.com\/atable\/pain-aux-bananes-2\/","title":{"rendered":"Pain aux bananes"},"content":{"rendered":"<p>&#8220;On devrait faire un pain aux bananes&#8230;&#8221;<\/p>\n<p>Quand \u00e7a commence comme \u00e7a, c&#8217;est qu&#8217;il va falloir que je me mette aux fourneaux.<\/p>\n<p>Mais cela ne suffit pas, elle a une id\u00e9e derri\u00e8re la t\u00eate. Normalement, cela veut dire qu&#8217;il faut que je fouille dans le petit livre rouge qui renferme la sagesse culinaire de la maison et Mao n&#8217;y ait pour rien. Invariablement, il faut que je le feuillette au moins deux fois pour y trouver une \u00e9ventuelle recette de flan qui, bien s\u00fbr, est titr\u00e9 &#8220;tarte aux pruneaux&#8221;, \u00e0 la main, \u00e0 la va-vite et \u00e0 la va-comme-je-te-pousse. Cette fois, encore, mes recherches sont infructueuses et je dois aller penaud lui demander d&#8217;extraire la substantifique recette de l&#8217;agglom\u00e9rat de papier. Au bout de quelques secondes, elle me sort, fi\u00e8rement,\u00a0une feuille de papier pli\u00e9e en deux qui \u00e9tait coinc\u00e9e entre la couverture et la page de garde avec quelques centaines d&#8217;autres documents allant de l&#8217;emballage de g\u00e2teaux italiens introuvables \u00e0 des coupures de journaux d\u00e9coup\u00e9es artistiquement, des feuillets de carnets \u00e0 spirales perdant autant leurs franges que La Petite perd ses cheveux dans la salle de bain, ainsi que, sans plus d&#8217;\u00e9gard, quelques encycliques de sa ch\u00e8re Belle-M\u00e8re lui offrant les meilleures recettes h\u00e9r\u00e9ditaires.<\/p>\n<p>Ce recette l\u00e0 est en qu\u00e9b\u00e9cois. Le Canada \u00e9tant une r\u00e9publique de bananes, comme Richard le r\u00e9p\u00e8te \u00e0 l\u2019envi, et le pain aux bananes, comme le muffin quand il n&#8217;est pas aux carottes, le poulet, le poisson et bien s\u00fbr le &#8220;split&#8221;, tout est aux bananes. Donc \u00e7a parle de tasses, de cuill\u00e8res de table, de poudre \u00e0 p\u00e2te et bien s\u00fbr de banane.<\/p>\n<p>Comme je suis un bon petit soldat, je suis la recette, je suis la farine, je suis le sucre, je suis l&#8217;oeuf, je me m\u00e9lange, j&#8217;absorbe la banane et je vais me faire bronzer au four.<\/p>\n<p>Le r\u00e9sultat est pas mal du tout &#8230; \u00e0 part le go\u00fbt de banane!<\/p>\n<p><a title=\"Pain aux bananes\" href=\"http:\/\/pierrejean.com\/atable\/pain-aux-bananes\/\">&gt;&gt;&gt;&gt; recette<\/a><\/p>\n<p><a href=\"http:\/\/pierrejean.com\/atable\/wp-content\/uploads\/2013\/05\/IMG_3012.jpg\"><img loading=\"lazy\" decoding=\"async\" data-attachment-id=\"1436\" data-permalink=\"https:\/\/pierrejean.com\/atable\/pain-aux-bananes\/img_3012\/\" data-orig-file=\"https:\/\/pierrejean.com\/atable\/wp-content\/uploads\/2013\/05\/IMG_3012.jpg\" data-orig-size=\"960,1280\" data-comments-opened=\"0\" data-image-meta=\"{&quot;aperture&quot;:&quot;0&quot;,&quot;credit&quot;:&quot;&quot;,&quot;camera&quot;:&quot;&quot;,&quot;caption&quot;:&quot;&quot;,&quot;created_timestamp&quot;:&quot;0&quot;,&quot;copyright&quot;:&quot;&quot;,&quot;focal_length&quot;:&quot;0&quot;,&quot;iso&quot;:&quot;0&quot;,&quot;shutter_speed&quot;:&quot;0&quot;,&quot;title&quot;:&quot;&quot;}\" data-image-title=\"pain aux bananes\" data-image-description=\"\" data-image-caption=\"\" data-large-file=\"https:\/\/pierrejean.com\/atable\/wp-content\/uploads\/2013\/05\/IMG_3012-525x700.jpg\" class=\"aligncenter size-large wp-image-1436\" src=\"http:\/\/pierrejean.com\/atable\/wp-content\/uploads\/2013\/05\/IMG_3012-525x700.jpg\" alt=\"pain aux bananes\" width=\"525\" height=\"700\" srcset=\"https:\/\/pierrejean.com\/atable\/wp-content\/uploads\/2013\/05\/IMG_3012-525x700.jpg 525w, https:\/\/pierrejean.com\/atable\/wp-content\/uploads\/2013\/05\/IMG_3012-337x450.jpg 337w, https:\/\/pierrejean.com\/atable\/wp-content\/uploads\/2013\/05\/IMG_3012.jpg 960w\" sizes=\"auto, (max-width: 525px) 100vw, 525px\" \/><\/a><\/p>\n<p>&nbsp;<\/p>\n<p><a href=\"http:\/\/pierrejean.com\/atable\/wp-content\/uploads\/2013\/05\/IMG_3011.jpg\"><img loading=\"lazy\" decoding=\"async\" data-attachment-id=\"1435\" data-permalink=\"https:\/\/pierrejean.com\/atable\/pain-aux-bananes-2\/img_3011\/\" data-orig-file=\"https:\/\/pierrejean.com\/atable\/wp-content\/uploads\/2013\/05\/IMG_3011.jpg\" data-orig-size=\"1280,960\" data-comments-opened=\"0\" data-image-meta=\"{&quot;aperture&quot;:&quot;0&quot;,&quot;credit&quot;:&quot;&quot;,&quot;camera&quot;:&quot;&quot;,&quot;caption&quot;:&quot;&quot;,&quot;created_timestamp&quot;:&quot;0&quot;,&quot;copyright&quot;:&quot;&quot;,&quot;focal_length&quot;:&quot;0&quot;,&quot;iso&quot;:&quot;0&quot;,&quot;shutter_speed&quot;:&quot;0&quot;,&quot;title&quot;:&quot;&quot;}\" data-image-title=\"pain aux bananes recette\" data-image-description=\"\" data-image-caption=\"\" data-large-file=\"https:\/\/pierrejean.com\/atable\/wp-content\/uploads\/2013\/05\/IMG_3011-600x450.jpg\" class=\"aligncenter size-large wp-image-1435\" src=\"http:\/\/pierrejean.com\/atable\/wp-content\/uploads\/2013\/05\/IMG_3011-600x450.jpg\" alt=\"pain aux bananes recette\" width=\"600\" height=\"450\" srcset=\"https:\/\/pierrejean.com\/atable\/wp-content\/uploads\/2013\/05\/IMG_3011-600x450.jpg 600w, https:\/\/pierrejean.com\/atable\/wp-content\/uploads\/2013\/05\/IMG_3011-350x262.jpg 350w, https:\/\/pierrejean.com\/atable\/wp-content\/uploads\/2013\/05\/IMG_3011.jpg 1280w\" sizes=\"auto, (max-width: 600px) 100vw, 600px\" \/><\/a><\/p>\n","protected":false},"excerpt":{"rendered":"<p>&#8220;On devrait faire un pain aux bananes&#8230;&#8221; Quand \u00e7a commence comme \u00e7a, c&#8217;est qu&#8217;il va falloir que je me mette aux fourneaux. Mais cela ne suffit pas, elle a une id\u00e9e derri\u00e8re la t\u00eate. Normalement, cela veut dire qu&#8217;il faut que je fouille dans le&nbsp;<a class=\"read-more\" href=\"https:\/\/pierrejean.com\/atable\/pain-aux-bananes-2\/\">&hellip;<\/a><\/p>\n","protected":false},"author":1,"featured_media":1436,"comment_status":"closed","ping_status":"closed","sticky":false,"template":"","format":"standard","meta":{"editor_plus_copied_stylings":"{}","_jetpack_memberships_contains_paid_content":false,"footnotes":"","jetpack_publicize_message":"","jetpack_publicize_feature_enabled":true,"jetpack_social_post_already_shared":true,"jetpack_social_options":{"image_generator_settings":{"template":"highway","default_image_id":0,"font":"","enabled":false},"version":2}},"categories":[7,170],"tags":[145,19,92],"class_list":["post-1439","post","type-post","status-publish","format-standard","has-post-thumbnail","hentry","category-dessert","category-editorial","tag-banane","tag-gateau","tag-pain"],"jetpack_publicize_connections":[],"jetpack_featured_media_url":"https:\/\/pierrejean.com\/atable\/wp-content\/uploads\/2013\/05\/IMG_3012.jpg","jetpack_sharing_enabled":true,"jetpack_shortlink":"https:\/\/wp.me\/pbxdSo-nd","_links":{"self":[{"href":"https:\/\/pierrejean.com\/atable\/wp-json\/wp\/v2\/posts\/1439","targetHints":{"allow":["GET"]}}],"collection":[{"href":"https:\/\/pierrejean.com\/atable\/wp-json\/wp\/v2\/posts"}],"about":[{"href":"https:\/\/pierrejean.com\/atable\/wp-json\/wp\/v2\/types\/post"}],"author":[{"embeddable":true,"href":"https:\/\/pierrejean.com\/atable\/wp-json\/wp\/v2\/users\/1"}],"replies":[{"embeddable":true,"href":"https:\/\/pierrejean.com\/atable\/wp-json\/wp\/v2\/comments?post=1439"}],"version-history":[{"count":7,"href":"https:\/\/pierrejean.com\/atable\/wp-json\/wp\/v2\/posts\/1439\/revisions"}],"predecessor-version":[{"id":1742,"href":"https:\/\/pierrejean.com\/atable\/wp-json\/wp\/v2\/posts\/1439\/revisions\/1742"}],"wp:featuredmedia":[{"embeddable":true,"href":"https:\/\/pierrejean.com\/atable\/wp-json\/wp\/v2\/media\/1436"}],"wp:attachment":[{"href":"https:\/\/pierrejean.com\/atable\/wp-json\/wp\/v2\/media?parent=1439"}],"wp:term":[{"taxonomy":"category","embeddable":true,"href":"https:\/\/pierrejean.com\/atable\/wp-json\/wp\/v2\/categories?post=1439"},{"taxonomy":"post_tag","embeddable":true,"href":"https:\/\/pierrejean.com\/atable\/wp-json\/wp\/v2\/tags?post=1439"}],"curies":[{"name":"wp","href":"https:\/\/api.w.org\/{rel}","templated":true}]}}