{"id":1117,"date":"2012-09-18T22:54:11","date_gmt":"2012-09-19T02:54:11","guid":{"rendered":"http:\/\/pierrejean.com\/?p=1117"},"modified":"2020-03-14T14:28:33","modified_gmt":"2020-03-14T18:28:33","slug":"quiche-a-lizquierda","status":"publish","type":"post","link":"https:\/\/pierrejean.com\/atable\/quiche-a-lizquierda\/","title":{"rendered":"Quiche \u00e0 l&#8217;izquierda"},"content":{"rendered":"<p>Moi vous le savez, je suis un malade de l&#8217;\u00e9vier propre.<\/p>\n<p>&#8220;Maman, comment tu m&#8217;as fait, j\u2019suis pas beau&#8230;&#8221; si si de l&#8217;avis g\u00e9n\u00e9ral je suis beau! Mais je suis allergique! Allergique aux c.o.n.s, bon \u00e7a, qui ne le serait pas. Allergique au poil de vache, mais pas au poil de cheval; au poil de chat, mais pas au poil de chien. Avouez que c&#8217;est sp\u00e9cifique\u2009? Mais pire que tout, je suis allergique \u00e0 l&#8217;\u00e9vier cloaqueux. \u00c0 la &#8220;dompe&#8221; comme on dit chez nous. Vous savez\u00a0: les casseroles empil\u00e9es, les plats macul\u00e9s, les po\u00eales poisseuses, les contenants r\u00e9v\u00e9lateurs, les verres rougis de culots vinasseux, les fourchettes emp\u00eatr\u00e9es de filandres dess\u00e9ch\u00e9es, les couteaux collants de Nutella qui ont laiss\u00e9, \u00a0partout, des reliquats que l&#8217;on pourrait croire d&#8217;une autre fontaine. Ceux l\u00e0, je les abhorre!<\/p>\n<p>Je nettoie l&#8217;\u00e9vier \u00e0 la premi\u00e8re salissure, la moindre souillure, la tache malpropre, la fl\u00e9trissure lys\u00e9iforme ou anamorphe, la salissure, la marque, l&#8217;ombre de la marque, la moucheture, le stigmate en croix (bien s\u00fbr) ou tout vestige du jour et de la veille.<\/p>\n<p>Je les chasse, les pourchasse, frotte, cure, gratte, racle, r\u00e9cure, brique, astique, fourbis et polis jusqu&#8217;au fini miroir, \u00e9vier et champelure. Mais, aujourd&#8217;hui, mon geste a ralenti subitement jusqu&#8217;\u00e0 s&#8217;arr\u00eater, alors que je tenais l&#8217;objet contondant de la m\u00e9nag\u00e8re \u00e9chevel\u00e9e. Je me suis subitement mis en doute quant \u00e0 la meilleure fa\u00e7on de le nettoyer. Question existentielle s&#8217;il en est?<\/p>\n<p>On r\u00e9cure les casseroles, \u00e0 la paille de fer s&#8217;il le faut. On polit les cuivres, \u00e0 l&#8217;huile de coude et la pr\u00eale des champs. Mais on gratte le billot et la planche \u00e0 d\u00e9couper de peur que l&#8217;eau n&#8217;effeuille les \u00e9chardes. Mais que doit-on faire \u00e0 l&#8217;arme du crime? L&#8217;assommoir est-il vou\u00e9 \u00e0 un traitement sp\u00e9cial? Faut-il une blanchisserie pour en venir \u00e0 bout? Dois-je le gratter telle une planche de bois, puis-je le laver puisqu&#8217;il n&#8217;est pas vou\u00e9 au couteau? Je ne passerai pas par-dessus le bord du toit, je ne finirai pas \u00e0 Ste-Anne, ma crise de delirium tremens est pass\u00e9e et le rouleau \u00e0 p\u00e2tisserie finit sous le robinet.<\/p>\n<p>Oui, l&#8217;automne est revenu, la gym du mardi, elle aussi, et qui dit gym, dit quiche.<\/p>\n<p>La gauche est pass\u00e9e, mais ce n&#8217;est plus la gauche caviar, c&#8217;est, para\u00eet-il, la gauche-quiche aux poireaux. Eh bien, pour nous aussi le changement devra attendre un petit peu. Je suis brim\u00e9 dans ma cr\u00e9ativit\u00e9 culinaire! La quiche se doit d&#8217;\u00eatre comme elle \u00e9tait du temps du Sautillant, du temps de l&#8217;\u00e9paule avantageuse, sa cuisse \u00e9tait trop courte pour pouvoir l&#8217;\u00eatre. La quiche ne doit comporter que les ingr\u00e9dients de base\u00a0: poireaux, sel et poivre, oeuf et cr\u00e8me, farine, beurre et eau. Trois mois sont insuffisants pour entamer les grands bouleversements. Interdit le cumin! Interdit le Tabasco! Interdites les folies \u00e9pic\u00e9es. Une pointe de curry? \u00a0Un zeste de citron vert? J&#8217;aurais bien tent\u00e9 une lichette de piment. La bouteille de sauce Ho\u00efsin me faisait de l&#8217;oeil. Non, la Grande l&#8217;aime nature alors il faut rester sage. Oh, bien s\u00fbr, j&#8217;ai r\u00e9ussi \u00e0 glisser une demie mesure de farine compl\u00e8te. Oui, j&#8217;ai agr\u00e9ment\u00e9 l&#8217;appareil , qui n&#8217;est pas d&#8217;\u00c9tat celui-l\u00e0, d&#8217;une bonne dose de parmesan. Mais surtout, et c&#8217;est le fonds de commerce, j&#8217;ai amen\u00e9 les poireaux \u00e0 la couleur id\u00e9ale. Le blanc de poireau n&#8217;est que le clown blanc, le faire-valoir de la recette, il remplit la bouche, mais ne fait pas rire les papilles. Il faut l&#8217;Auguste charg\u00e9 de couleurs, il faut la vivacit\u00e9 du nez rouge, il faut les grandes chaussures. Il faut donner au poireau sa maturit\u00e9 culinaire. Le poireau comme le sucre doit \u00eatre roux pour \u00eatre entier. Faites revenir au roux! Faites ressortir le go\u00fbt! Quelle soit de gauche, &#8220;a l&#8217;izquierda&#8221; ou de droite, &#8220;a la derecha&#8221;, la moindre quiche m\u00e9rite d&#8217;\u00eatre parfaite.<\/p>\n<p>\u00c0 table!<\/p>\n<p><a href=\"http:\/\/pierrejean.com\/atable\/quiche-a-lizquierda\/img_2023\/\" rel=\"attachment wp-att-1118\"><img loading=\"lazy\" decoding=\"async\" data-attachment-id=\"1118\" data-permalink=\"https:\/\/pierrejean.com\/atable\/quiche-a-lizquierda\/img_2023\/\" data-orig-file=\"https:\/\/pierrejean.com\/atable\/wp-content\/uploads\/2012\/09\/IMG_2023.jpg\" data-orig-size=\"1280,960\" data-comments-opened=\"1\" data-image-meta=\"{&quot;aperture&quot;:&quot;0&quot;,&quot;credit&quot;:&quot;&quot;,&quot;camera&quot;:&quot;&quot;,&quot;caption&quot;:&quot;&quot;,&quot;created_timestamp&quot;:&quot;0&quot;,&quot;copyright&quot;:&quot;&quot;,&quot;focal_length&quot;:&quot;0&quot;,&quot;iso&quot;:&quot;0&quot;,&quot;shutter_speed&quot;:&quot;0&quot;,&quot;title&quot;:&quot;&quot;}\" data-image-title=\"quiche a l&#8217;izquierda\" data-image-description=\"\" data-image-caption=\"\" data-large-file=\"https:\/\/pierrejean.com\/atable\/wp-content\/uploads\/2012\/09\/IMG_2023-600x450.jpg\" class=\"aligncenter size-large wp-image-1118\" title=\"quiche a l'izquierda\" alt=\"\" src=\"http:\/\/pierrejean.com\/atable\/wp-content\/uploads\/2012\/09\/IMG_2023-600x450.jpg\" width=\"600\" height=\"450\" srcset=\"https:\/\/pierrejean.com\/atable\/wp-content\/uploads\/2012\/09\/IMG_2023-600x450.jpg 600w, https:\/\/pierrejean.com\/atable\/wp-content\/uploads\/2012\/09\/IMG_2023-350x262.jpg 350w, https:\/\/pierrejean.com\/atable\/wp-content\/uploads\/2012\/09\/IMG_2023.jpg 1280w\" sizes=\"auto, (max-width: 600px) 100vw, 600px\" \/><\/a><\/p>\n<p>&nbsp;<\/p>\n","protected":false},"excerpt":{"rendered":"<p>Moi vous le savez, je suis un malade de l&#8217;\u00e9vier propre. &#8220;Maman, comment tu m&#8217;as fait, j\u2019suis pas beau&#8230;&#8221; si si de l&#8217;avis g\u00e9n\u00e9ral je suis beau! Mais je suis allergique! Allergique aux c.o.n.s, bon \u00e7a, qui ne le serait pas. Allergique au poil de&nbsp;<a class=\"read-more\" href=\"https:\/\/pierrejean.com\/atable\/quiche-a-lizquierda\/\">&hellip;<\/a><\/p>\n","protected":false},"author":1,"featured_media":1118,"comment_status":"open","ping_status":"closed","sticky":false,"template":"","format":"standard","meta":{"editor_plus_copied_stylings":"{}","_jetpack_memberships_contains_paid_content":false,"footnotes":"","jetpack_publicize_message":"","jetpack_publicize_feature_enabled":true,"jetpack_social_post_already_shared":false,"jetpack_social_options":{"image_generator_settings":{"template":"highway","default_image_id":0,"font":"","enabled":false},"version":2}},"categories":[170,13,8],"tags":[106,82],"class_list":["post-1117","post","type-post","status-publish","format-standard","has-post-thumbnail","hentry","category-editorial","category-legume","category-traditionnel","tag-poireau","tag-quiche"],"jetpack_publicize_connections":[],"jetpack_featured_media_url":"https:\/\/pierrejean.com\/atable\/wp-content\/uploads\/2012\/09\/IMG_2023.jpg","jetpack_sharing_enabled":true,"jetpack_shortlink":"https:\/\/wp.me\/pbxdSo-i1","_links":{"self":[{"href":"https:\/\/pierrejean.com\/atable\/wp-json\/wp\/v2\/posts\/1117","targetHints":{"allow":["GET"]}}],"collection":[{"href":"https:\/\/pierrejean.com\/atable\/wp-json\/wp\/v2\/posts"}],"about":[{"href":"https:\/\/pierrejean.com\/atable\/wp-json\/wp\/v2\/types\/post"}],"author":[{"embeddable":true,"href":"https:\/\/pierrejean.com\/atable\/wp-json\/wp\/v2\/users\/1"}],"replies":[{"embeddable":true,"href":"https:\/\/pierrejean.com\/atable\/wp-json\/wp\/v2\/comments?post=1117"}],"version-history":[{"count":6,"href":"https:\/\/pierrejean.com\/atable\/wp-json\/wp\/v2\/posts\/1117\/revisions"}],"predecessor-version":[{"id":1841,"href":"https:\/\/pierrejean.com\/atable\/wp-json\/wp\/v2\/posts\/1117\/revisions\/1841"}],"wp:featuredmedia":[{"embeddable":true,"href":"https:\/\/pierrejean.com\/atable\/wp-json\/wp\/v2\/media\/1118"}],"wp:attachment":[{"href":"https:\/\/pierrejean.com\/atable\/wp-json\/wp\/v2\/media?parent=1117"}],"wp:term":[{"taxonomy":"category","embeddable":true,"href":"https:\/\/pierrejean.com\/atable\/wp-json\/wp\/v2\/categories?post=1117"},{"taxonomy":"post_tag","embeddable":true,"href":"https:\/\/pierrejean.com\/atable\/wp-json\/wp\/v2\/tags?post=1117"}],"curies":[{"name":"wp","href":"https:\/\/api.w.org\/{rel}","templated":true}]}}